{"id":5031,"date":"2017-07-09T22:51:41","date_gmt":"2017-07-09T20:51:41","guid":{"rendered":"https:\/\/abconcretedesign.com\/reszt-vettunk-a-mucsarnok-korulottunk-nemzeti-szalon-2017-iparmuveszet-es-design-kiallitasan\/"},"modified":"2019-06-22T21:28:05","modified_gmt":"2019-06-22T19:28:05","slug":"reszt-vettunk-a-nemzeti-szalon-2017-kiallitason","status":"publish","type":"post","link":"https:\/\/abconcretedesign.com\/hu\/reszt-vettunk-a-nemzeti-szalon-2017-kiallitason\/","title":{"rendered":"R\u00e9szt vett\u00fcnk a M\u0171csarnok K\u00f6r\u00fcl\u00f6tt\u00fcnk. Nemzeti Szalon 2017."},"content":{"rendered":"<h2>A 2014 \u00f3ta megrendez\u00e9sre ker\u00fcl\u0151 Nemzeti Szalon-ki\u00e1ll\u00edt\u00e1ssorozat c\u00e9lja, hogy bemutassa az elm\u00falt 10 \u00e9v vizu\u00e1lis m\u0171v\u00e9szeti \u00fajdons\u00e1gait, v\u00edvm\u00e1nyait \u00e9s legfontosabb magyar alkot\u00f3it. Az idei \u00e9vben a t\u00e1rgyalkot\u00e1s ker\u00fclt a k\u00f6z\u00e9ppontba \u2013 \u00edgy az AB concrete design is bemutatkozhatott m\u00fazeumi t\u00e9rben.<\/h2>\n<div class=\"row\"  id=\"row-1275802353\">\n\n\t<div id=\"col-1099508192\" class=\"col small-12 large-12\"  >\n\t\t\t\t<div class=\"col-inner\"  >\n\t\t\t\n\t\t\t\n<h4>A ki\u00e1ll\u00edt\u00e1sr\u00f3l t\u00f6bbsz\u00e1zoldalas, ig\u00e9nyes katal\u00f3gus jelent meg, de \u00e9rdemes felkeresni a t\u00e1rlat <a href=\"http:\/\/iparmuveszet.nemzeti-szalon.hu\/english\/index.php\">online katal\u00f3gus\u00e1t<\/a> is, amely szint\u00e9n t\u00f6k\u00e9letes k\u00e9pet ad a szakma hihetetlen soksz\u00edn\u0171s\u00e9g\u00e9r\u0151l.<\/h4>\n\t\t<\/div>\n\t\t\t\t\t<\/div>\n\n\t\n<\/div>\n  <div class=\"banner-grid-wrapper\">\n  <div id=\"banner-grid-1469041880\" class=\"banner-grid row row-grid row-small\" data-packery-options=\"\">\n                      \n<div class=\"col grid-col large-6 grid-col-1-2\" ><div class=\"col-inner\">\n\t<div class=\"img has-hover x md-x lg-x y md-y lg-y\" id=\"image_16545615\">\n\t\t\t\t\t\t\t\t<div class=\"img-inner dark\" >\n\t\t\t<img loading=\"lazy\" decoding=\"async\" width=\"1020\" height=\"765\" src=\"https:\/\/abconcretedesign.com\/wp-content\/uploads\/2019\/06\/all-around-us-applied-arts-and-design-catalog-1067x800.jpg\" class=\"attachment-large size-large\" alt=\"All Around Us applied arts and design catalog\" srcset=\"https:\/\/abconcretedesign.com\/wp-content\/uploads\/2019\/06\/all-around-us-applied-arts-and-design-catalog-1067x800.jpg 1067w, https:\/\/abconcretedesign.com\/wp-content\/uploads\/2019\/06\/all-around-us-applied-arts-and-design-catalog-510x383.jpg 510w, https:\/\/abconcretedesign.com\/wp-content\/uploads\/2019\/06\/all-around-us-applied-arts-and-design-catalog-533x400.jpg 533w, https:\/\/abconcretedesign.com\/wp-content\/uploads\/2019\/06\/all-around-us-applied-arts-and-design-catalog-768x576.jpg 768w, https:\/\/abconcretedesign.com\/wp-content\/uploads\/2019\/06\/all-around-us-applied-arts-and-design-catalog-600x450.jpg 600w, https:\/\/abconcretedesign.com\/wp-content\/uploads\/2019\/06\/all-around-us-applied-arts-and-design-catalog.jpg 1920w\" sizes=\"auto, (max-width: 1020px) 100vw, 1020px\" \/>\t\t\t\t\t\t\n\t\t\t\t\t<\/div>\n\t\t\t\t\t\t\t\t\n<style>\n#image_16545615 {\n  width: 100%;\n}\n<\/style>\n\t<\/div>\n\t\n<\/div><\/div>\n<div class=\"col grid-col large-6 grid-col-1-3\" ><div class=\"col-inner\">\n\t<div class=\"img has-hover x md-x lg-x y md-y lg-y\" id=\"image_369061314\">\n\t\t\t\t\t\t\t\t<div class=\"img-inner dark\" >\n\t\t\t<img loading=\"lazy\" decoding=\"async\" width=\"1020\" height=\"623\" src=\"https:\/\/abconcretedesign.com\/wp-content\/uploads\/2019\/06\/hungarian-applied-arts-and-design-catalog-book-1309x800.jpg\" class=\"attachment-large size-large\" alt=\"\" srcset=\"https:\/\/abconcretedesign.com\/wp-content\/uploads\/2019\/06\/hungarian-applied-arts-and-design-catalog-book-1309x800.jpg 1309w, https:\/\/abconcretedesign.com\/wp-content\/uploads\/2019\/06\/hungarian-applied-arts-and-design-catalog-book-510x312.jpg 510w, https:\/\/abconcretedesign.com\/wp-content\/uploads\/2019\/06\/hungarian-applied-arts-and-design-catalog-book-655x400.jpg 655w, https:\/\/abconcretedesign.com\/wp-content\/uploads\/2019\/06\/hungarian-applied-arts-and-design-catalog-book-768x469.jpg 768w, https:\/\/abconcretedesign.com\/wp-content\/uploads\/2019\/06\/hungarian-applied-arts-and-design-catalog-book-600x367.jpg 600w, https:\/\/abconcretedesign.com\/wp-content\/uploads\/2019\/06\/hungarian-applied-arts-and-design-catalog-book.jpg 1600w\" sizes=\"auto, (max-width: 1020px) 100vw, 1020px\" \/>\t\t\t\t\t\t\n\t\t\t\t\t<\/div>\n\t\t\t\t\t\t\t\t\n<style>\n#image_369061314 {\n  width: 100%;\n}\n<\/style>\n\t<\/div>\n\t\n<\/div><\/div>\n<div class=\"col grid-col large-6 grid-col-2-3\" ><div class=\"col-inner\">\n\t<div class=\"img has-hover x md-x lg-x y md-y lg-y\" id=\"image_167002436\">\n\t\t\t\t\t\t\t\t<div class=\"img-inner dark\" >\n\t\t\t<img loading=\"lazy\" decoding=\"async\" width=\"1020\" height=\"765\" src=\"https:\/\/abconcretedesign.com\/wp-content\/uploads\/2019\/06\/anita-boldog-concretediction-shelf-and-hanger-1067x800.jpg\" class=\"attachment-large size-large\" alt=\"\" srcset=\"https:\/\/abconcretedesign.com\/wp-content\/uploads\/2019\/06\/anita-boldog-concretediction-shelf-and-hanger-1067x800.jpg 1067w, https:\/\/abconcretedesign.com\/wp-content\/uploads\/2019\/06\/anita-boldog-concretediction-shelf-and-hanger-510x383.jpg 510w, https:\/\/abconcretedesign.com\/wp-content\/uploads\/2019\/06\/anita-boldog-concretediction-shelf-and-hanger-533x400.jpg 533w, https:\/\/abconcretedesign.com\/wp-content\/uploads\/2019\/06\/anita-boldog-concretediction-shelf-and-hanger-768x576.jpg 768w, https:\/\/abconcretedesign.com\/wp-content\/uploads\/2019\/06\/anita-boldog-concretediction-shelf-and-hanger-600x450.jpg 600w, https:\/\/abconcretedesign.com\/wp-content\/uploads\/2019\/06\/anita-boldog-concretediction-shelf-and-hanger.jpg 1920w\" sizes=\"auto, (max-width: 1020px) 100vw, 1020px\" \/>\t\t\t\t\t\t\n\t\t\t\t\t<\/div>\n\t\t\t\t\t\t\t\t\n<style>\n#image_167002436 {\n  width: 100%;\n}\n<\/style>\n\t<\/div>\n\t\n<\/div><\/div>\n<div class=\"col grid-col large-6 grid-col-1-2\" ><div class=\"col-inner\">\n\t<div class=\"img has-hover x md-x lg-x y md-y lg-y\" id=\"image_1255599542\">\n\t\t\t\t\t\t\t\t<div class=\"img-inner dark\" >\n\t\t\t<img loading=\"lazy\" decoding=\"async\" width=\"1020\" height=\"765\" src=\"https:\/\/abconcretedesign.com\/wp-content\/uploads\/2019\/06\/exhibition-catalog-anita-boldog-concrete-design-1067x800.jpg\" class=\"attachment-large size-large\" alt=\"\" srcset=\"https:\/\/abconcretedesign.com\/wp-content\/uploads\/2019\/06\/exhibition-catalog-anita-boldog-concrete-design-1067x800.jpg 1067w, https:\/\/abconcretedesign.com\/wp-content\/uploads\/2019\/06\/exhibition-catalog-anita-boldog-concrete-design-510x383.jpg 510w, https:\/\/abconcretedesign.com\/wp-content\/uploads\/2019\/06\/exhibition-catalog-anita-boldog-concrete-design-533x400.jpg 533w, https:\/\/abconcretedesign.com\/wp-content\/uploads\/2019\/06\/exhibition-catalog-anita-boldog-concrete-design-768x576.jpg 768w, https:\/\/abconcretedesign.com\/wp-content\/uploads\/2019\/06\/exhibition-catalog-anita-boldog-concrete-design-600x450.jpg 600w, https:\/\/abconcretedesign.com\/wp-content\/uploads\/2019\/06\/exhibition-catalog-anita-boldog-concrete-design.jpg 1600w\" sizes=\"auto, (max-width: 1020px) 100vw, 1020px\" \/>\t\t\t\t\t\t\n\t\t\t\t\t<\/div>\n\t\t\t\t\t\t\t\t\n<style>\n#image_1255599542 {\n  width: 100%;\n}\n<\/style>\n\t<\/div>\n\t\n<\/div><\/div>\n            <\/div>\n    <style>\n    #banner-grid-1469041880 .grid-col-1{height: 600px}\n    #banner-grid-1469041880 .grid-col-1-2{height: 300px}\n    #banner-grid-1469041880 .grid-col-1-3{height:200px}\n    #banner-grid-1469041880 .grid-col-2-3{height: 400px}\n    #banner-grid-1469041880 .grid-col-1-4{height: 150px}\n    #banner-grid-1469041880 .grid-col-3-4{height: 450px}\n\n\n    \n    \n\n  <\/style>\n    <\/div>\n  \n<div class=\"row\"  id=\"row-1511234623\">\n\n\t<div id=\"col-127100627\" class=\"col small-12 large-12\"  >\n\t\t\t\t<div class=\"col-inner\"  >\n\t\t\t\n\t\t\t\n<p>M\u00e1rk\u00e1nk a <a href=\"https:\/\/www.behance.net\/gallery\/11011953\/Concretediction-shelf-hanger\">CONCRETEDICTION<\/a> polccal \u00e9s fogassal k\u00e9pviseltette mag\u00e1t a ki\u00e1ll\u00edt\u00e1son. A kollekci\u00f3 az angol <i>beton<\/i> \u00e9s<i>ellentmond\u00e1s<\/i> szavak vegy\u00edt\u00e9sb\u0151l kapta a nev\u00e9t, melyre r\u00e1 is szolg\u00e1l: ezek a beton t\u00e1rgyak a puhas\u00e1g k\u00e9pzet\u00e9t keltik, ami meglep\u0151 az alapanyagukat figyelembe v\u00e9ve.<\/p>\n<p>Az elk\u00e9sz\u00edt\u00e9s m\u00f3dja is k\u00fcl\u00f6nleges, hiszen minden darab egyedi mint\u00e1zatot kap, a nedves beton tulajdonk\u00e9ppen szabadon, m\u00e9gis ellen\u0151rz\u00f6tt k\u00f6r\u00fclm\u00e9nyek k\u00f6z\u00f6tt t\u00f6lti ki a rendelkez\u00e9s\u00e9re \u00e1ll\u00f3 teret. A f\u00e9m alkatr\u00e9szek is ebben az \u00e1llapotban ker\u00fclnek bele, ezzel kifejezetten organikus kapcsolatot hozva l\u00e9tre a k\u00e9t anyag k\u00f6z\u00f6tt, mik\u00f6zben a f\u00e9m form\u00e1lja is a betont.<\/p>\n\t<div class=\"img has-hover x md-x lg-x y md-y lg-y\" id=\"image_1678137598\">\n\t\t\t\t\t\t\t\t<div class=\"img-inner dark\" >\n\t\t\t<img loading=\"lazy\" decoding=\"async\" width=\"800\" height=\"800\" src=\"https:\/\/abconcretedesign.com\/wp-content\/uploads\/2019\/06\/national-salon-2017-invitation-800x800.jpg\" class=\"attachment-large size-large\" alt=\"\" srcset=\"https:\/\/abconcretedesign.com\/wp-content\/uploads\/2019\/06\/national-salon-2017-invitation-800x800.jpg 800w, https:\/\/abconcretedesign.com\/wp-content\/uploads\/2019\/06\/national-salon-2017-invitation-100x100.jpg 100w, https:\/\/abconcretedesign.com\/wp-content\/uploads\/2019\/06\/national-salon-2017-invitation-510x510.jpg 510w, https:\/\/abconcretedesign.com\/wp-content\/uploads\/2019\/06\/national-salon-2017-invitation-280x280.jpg 280w, https:\/\/abconcretedesign.com\/wp-content\/uploads\/2019\/06\/national-salon-2017-invitation-400x400.jpg 400w, https:\/\/abconcretedesign.com\/wp-content\/uploads\/2019\/06\/national-salon-2017-invitation-768x768.jpg 768w, https:\/\/abconcretedesign.com\/wp-content\/uploads\/2019\/06\/national-salon-2017-invitation-600x600.jpg 600w, https:\/\/abconcretedesign.com\/wp-content\/uploads\/2019\/06\/national-salon-2017-invitation.jpg 1200w\" sizes=\"auto, (max-width: 800px) 100vw, 800px\" \/>\t\t\t\t\t\t\n\t\t\t\t\t<\/div>\n\t\t\t\t\t\t\t\t\n<style>\n#image_1678137598 {\n  width: 100%;\n}\n<\/style>\n\t<\/div>\n\t\n<p>A t\u00e9ma ir\u00e1nti \u00e9rdekl\u0151d\u00e9st j\u00f3l jelzi, hogy ez volt minden id\u0151k legl\u00e1togatottabb Nemzeti Szalonja \u2013 b\u00fcszk\u00e9k vagyunk, hogy mi is r\u00e9szesei lehett\u00fcnk!<\/p>\n\t\t<\/div>\n\t\t\t\t\t<\/div>\n\n\t\n<\/div>\n","protected":false},"excerpt":{"rendered":"<p>A 2014 \u00f3ta megrendez\u00e9sre ker\u00fcl\u0151 Nemzeti Szalon-ki\u00e1ll\u00edt\u00e1ssorozat c\u00e9lja, hogy bemutassa az elm\u00falt 10 \u00e9v vizu\u00e1lis m\u0171v\u00e9szeti \u00fajdons\u00e1gait, v\u00edvm\u00e1nyait \u00e9s legfontosabb magyar alkot\u00f3it. Az idei \u00e9vben a t\u00e1rgyalkot\u00e1s ker\u00fclt a k\u00f6z\u00e9ppontba \u2013 \u00edgy az AB concrete design is bemutatkozhatott m\u00fazeumi t\u00e9rben.<\/p>\n","protected":false},"author":2,"featured_media":4936,"comment_status":"closed","ping_status":"open","sticky":false,"template":"","format":"standard","meta":{"footnotes":""},"categories":[301],"tags":[289],"class_list":["post-5031","post","type-post","status-publish","format-standard","has-post-thumbnail","hentry","category-betonnal-kapcsolatos-esemenyek-melyeken-reszt-vettunk","tag-kiallitas"],"yoast_head":"<!-- This site is optimized with the Yoast SEO Premium plugin v26.2 (Yoast SEO v27.4) - https:\/\/yoast.com\/product\/yoast-seo-premium-wordpress\/ -->\n<title>R\u00e9szt vett\u00fcnk a M\u0171csarnok K\u00f6r\u00fcl\u00f6tt\u00fcnk. Nemzeti Szalon 2017. &#187; AB Concrete Design<\/title>\n<meta name=\"description\" content=\"Az idei \u00e9vben a t\u00e1rgyalkot\u00e1s ker\u00fclt a k\u00f6z\u00e9ppontba \u2013 \u00edgy az AB concrete design is bemutatkozhatott m\u00fazeumi t\u00e9rben.\" \/>\n<meta name=\"robots\" content=\"index, follow, max-snippet:-1, max-image-preview:large, max-video-preview:-1\" \/>\n<link rel=\"canonical\" href=\"https:\/\/abconcretedesign.com\/hu\/reszt-vettunk-a-nemzeti-szalon-2017-kiallitason\/\" \/>\n<meta property=\"og:locale\" content=\"hu_HU\" \/>\n<meta property=\"og:type\" content=\"article\" \/>\n<meta property=\"og:title\" content=\"R\u00e9szt vett\u00fcnk a M\u0171csarnok K\u00f6r\u00fcl\u00f6tt\u00fcnk. Nemzeti Szalon 2017.\" \/>\n<meta property=\"og:description\" content=\"A 2014 \u00f3ta megrendez\u00e9sre ker\u00fcl\u0151 Nemzeti Szalon-ki\u00e1ll\u00edt\u00e1ssorozat c\u00e9lja, hogy bemutassa az elm\u00falt 10 \u00e9v vizu\u00e1lis m\u0171v\u00e9szeti \u00fajdons\u00e1gait, v\u00edvm\u00e1nyait \u00e9s\" \/>\n<meta property=\"og:url\" content=\"https:\/\/abconcretedesign.com\/hu\/reszt-vettunk-a-nemzeti-szalon-2017-kiallitason\/\" \/>\n<meta property=\"og:site_name\" content=\"AB Concrete Design\" \/>\n<meta property=\"article:published_time\" content=\"2017-07-09T20:51:41+00:00\" \/>\n<meta property=\"article:modified_time\" content=\"2019-06-22T19:28:05+00:00\" \/>\n<meta property=\"og:image\" content=\"https:\/\/abconcretedesign.com\/wp-content\/uploads\/2019\/06\/national-salon-2017-all-around-us-exhibition.jpg\" \/>\n\t<meta property=\"og:image:width\" content=\"900\" \/>\n\t<meta property=\"og:image:height\" content=\"599\" \/>\n\t<meta property=\"og:image:type\" content=\"image\/jpeg\" \/>\n<meta name=\"author\" content=\"AB Concrete Design\" \/>\n<meta name=\"twitter:card\" content=\"summary_large_image\" \/>\n<script type=\"application\/ld+json\" class=\"yoast-schema-graph\">{\"@context\":\"https:\\\/\\\/schema.org\",\"@graph\":[{\"@type\":\"Article\",\"@id\":\"https:\\\/\\\/abconcretedesign.com\\\/hu\\\/reszt-vettunk-a-nemzeti-szalon-2017-kiallitason\\\/#article\",\"isPartOf\":{\"@id\":\"https:\\\/\\\/abconcretedesign.com\\\/hu\\\/reszt-vettunk-a-nemzeti-szalon-2017-kiallitason\\\/\"},\"author\":{\"name\":\"AB Concrete Design\",\"@id\":\"https:\\\/\\\/abconcretedesign.com\\\/hu\\\/#\\\/schema\\\/person\\\/0a8b63622f7b0d0f5f8fee62a4ecc6b5\"},\"headline\":\"R\u00e9szt vett\u00fcnk a M\u0171csarnok K\u00f6r\u00fcl\u00f6tt\u00fcnk. Nemzeti Szalon 2017.\",\"datePublished\":\"2017-07-09T20:51:41+00:00\",\"dateModified\":\"2019-06-22T19:28:05+00:00\",\"mainEntityOfPage\":{\"@id\":\"https:\\\/\\\/abconcretedesign.com\\\/hu\\\/reszt-vettunk-a-nemzeti-szalon-2017-kiallitason\\\/\"},\"wordCount\":347,\"publisher\":{\"@id\":\"https:\\\/\\\/abconcretedesign.com\\\/hu\\\/#organization\"},\"image\":{\"@id\":\"https:\\\/\\\/abconcretedesign.com\\\/hu\\\/reszt-vettunk-a-nemzeti-szalon-2017-kiallitason\\\/#primaryimage\"},\"thumbnailUrl\":\"https:\\\/\\\/abconcretedesign.com\\\/wp-content\\\/uploads\\\/2019\\\/06\\\/national-salon-2017-all-around-us-exhibition.jpg\",\"keywords\":[\"ki\u00e1ll\u00edt\u00e1s\"],\"articleSection\":[\"betonnal kapcsolatos esem\u00e9nyek\"],\"inLanguage\":\"hu\"},{\"@type\":\"WebPage\",\"@id\":\"https:\\\/\\\/abconcretedesign.com\\\/hu\\\/reszt-vettunk-a-nemzeti-szalon-2017-kiallitason\\\/\",\"url\":\"https:\\\/\\\/abconcretedesign.com\\\/hu\\\/reszt-vettunk-a-nemzeti-szalon-2017-kiallitason\\\/\",\"name\":\"R\u00e9szt vett\u00fcnk a M\u0171csarnok K\u00f6r\u00fcl\u00f6tt\u00fcnk. Nemzeti Szalon 2017. &#187; AB Concrete Design\",\"isPartOf\":{\"@id\":\"https:\\\/\\\/abconcretedesign.com\\\/hu\\\/#website\"},\"primaryImageOfPage\":{\"@id\":\"https:\\\/\\\/abconcretedesign.com\\\/hu\\\/reszt-vettunk-a-nemzeti-szalon-2017-kiallitason\\\/#primaryimage\"},\"image\":{\"@id\":\"https:\\\/\\\/abconcretedesign.com\\\/hu\\\/reszt-vettunk-a-nemzeti-szalon-2017-kiallitason\\\/#primaryimage\"},\"thumbnailUrl\":\"https:\\\/\\\/abconcretedesign.com\\\/wp-content\\\/uploads\\\/2019\\\/06\\\/national-salon-2017-all-around-us-exhibition.jpg\",\"datePublished\":\"2017-07-09T20:51:41+00:00\",\"dateModified\":\"2019-06-22T19:28:05+00:00\",\"description\":\"Az idei \u00e9vben a t\u00e1rgyalkot\u00e1s ker\u00fclt a k\u00f6z\u00e9ppontba \u2013 \u00edgy az AB concrete design is bemutatkozhatott m\u00fazeumi t\u00e9rben.\",\"breadcrumb\":{\"@id\":\"https:\\\/\\\/abconcretedesign.com\\\/hu\\\/reszt-vettunk-a-nemzeti-szalon-2017-kiallitason\\\/#breadcrumb\"},\"inLanguage\":\"hu\",\"potentialAction\":[{\"@type\":\"ReadAction\",\"target\":[\"https:\\\/\\\/abconcretedesign.com\\\/hu\\\/reszt-vettunk-a-nemzeti-szalon-2017-kiallitason\\\/\"]}]},{\"@type\":\"ImageObject\",\"inLanguage\":\"hu\",\"@id\":\"https:\\\/\\\/abconcretedesign.com\\\/hu\\\/reszt-vettunk-a-nemzeti-szalon-2017-kiallitason\\\/#primaryimage\",\"url\":\"https:\\\/\\\/abconcretedesign.com\\\/wp-content\\\/uploads\\\/2019\\\/06\\\/national-salon-2017-all-around-us-exhibition.jpg\",\"contentUrl\":\"https:\\\/\\\/abconcretedesign.com\\\/wp-content\\\/uploads\\\/2019\\\/06\\\/national-salon-2017-all-around-us-exhibition.jpg\",\"width\":900,\"height\":599},{\"@type\":\"BreadcrumbList\",\"@id\":\"https:\\\/\\\/abconcretedesign.com\\\/hu\\\/reszt-vettunk-a-nemzeti-szalon-2017-kiallitason\\\/#breadcrumb\",\"itemListElement\":[{\"@type\":\"ListItem\",\"position\":1,\"name\":\"F\u0151oldal\",\"item\":\"https:\\\/\\\/abconcretedesign.com\\\/hu\\\/\"},{\"@type\":\"ListItem\",\"position\":2,\"name\":\"R\u00e9szt vett\u00fcnk a M\u0171csarnok K\u00f6r\u00fcl\u00f6tt\u00fcnk. Nemzeti Szalon 2017.\"}]},{\"@type\":\"WebSite\",\"@id\":\"https:\\\/\\\/abconcretedesign.com\\\/hu\\\/#website\",\"url\":\"https:\\\/\\\/abconcretedesign.com\\\/hu\\\/\",\"name\":\"AB Concrete Design and Business Gifts\",\"description\":\"Beton Design T\u00e1rgyak, \u00c9kszer \u00e9s \u00dczleti Aj\u00e1nd\u00e9k, Beton Tr\u00f3fe\u00e1k\",\"publisher\":{\"@id\":\"https:\\\/\\\/abconcretedesign.com\\\/hu\\\/#organization\"},\"potentialAction\":[{\"@type\":\"SearchAction\",\"target\":{\"@type\":\"EntryPoint\",\"urlTemplate\":\"https:\\\/\\\/abconcretedesign.com\\\/hu\\\/?s={search_term_string}\"},\"query-input\":{\"@type\":\"PropertyValueSpecification\",\"valueRequired\":true,\"valueName\":\"search_term_string\"}}],\"inLanguage\":\"hu\"},{\"@type\":\"Organization\",\"@id\":\"https:\\\/\\\/abconcretedesign.com\\\/hu\\\/#organization\",\"name\":\"AB Concrete Design\",\"url\":\"https:\\\/\\\/abconcretedesign.com\\\/hu\\\/\",\"logo\":{\"@type\":\"ImageObject\",\"inLanguage\":\"hu\",\"@id\":\"https:\\\/\\\/abconcretedesign.com\\\/hu\\\/#\\\/schema\\\/logo\\\/image\\\/\",\"url\":\"https:\\\/\\\/abconcretedesign.com\\\/wp-content\\\/uploads\\\/2019\\\/04\\\/ab-concrete-design-logo.jpg\",\"contentUrl\":\"https:\\\/\\\/abconcretedesign.com\\\/wp-content\\\/uploads\\\/2019\\\/04\\\/ab-concrete-design-logo.jpg\",\"width\":351,\"height\":89,\"caption\":\"AB Concrete Design\"},\"image\":{\"@id\":\"https:\\\/\\\/abconcretedesign.com\\\/hu\\\/#\\\/schema\\\/logo\\\/image\\\/\"}},{\"@type\":\"Person\",\"@id\":\"https:\\\/\\\/abconcretedesign.com\\\/hu\\\/#\\\/schema\\\/person\\\/0a8b63622f7b0d0f5f8fee62a4ecc6b5\",\"name\":\"AB Concrete Design\",\"sameAs\":[\"https:\\\/\\\/abconcretedesign.com\"]}]}<\/script>\n<!-- \/ Yoast SEO Premium plugin. -->","yoast_head_json":{"title":"R\u00e9szt vett\u00fcnk a M\u0171csarnok K\u00f6r\u00fcl\u00f6tt\u00fcnk. Nemzeti Szalon 2017. &#187; AB Concrete Design","description":"Az idei \u00e9vben a t\u00e1rgyalkot\u00e1s ker\u00fclt a k\u00f6z\u00e9ppontba \u2013 \u00edgy az AB concrete design is bemutatkozhatott m\u00fazeumi t\u00e9rben.","robots":{"index":"index","follow":"follow","max-snippet":"max-snippet:-1","max-image-preview":"max-image-preview:large","max-video-preview":"max-video-preview:-1"},"canonical":"https:\/\/abconcretedesign.com\/hu\/reszt-vettunk-a-nemzeti-szalon-2017-kiallitason\/","og_locale":"hu_HU","og_type":"article","og_title":"R\u00e9szt vett\u00fcnk a M\u0171csarnok K\u00f6r\u00fcl\u00f6tt\u00fcnk. Nemzeti Szalon 2017.","og_description":"A 2014 \u00f3ta megrendez\u00e9sre ker\u00fcl\u0151 Nemzeti Szalon-ki\u00e1ll\u00edt\u00e1ssorozat c\u00e9lja, hogy bemutassa az elm\u00falt 10 \u00e9v vizu\u00e1lis m\u0171v\u00e9szeti \u00fajdons\u00e1gait, v\u00edvm\u00e1nyait \u00e9s","og_url":"https:\/\/abconcretedesign.com\/hu\/reszt-vettunk-a-nemzeti-szalon-2017-kiallitason\/","og_site_name":"AB Concrete Design","article_published_time":"2017-07-09T20:51:41+00:00","article_modified_time":"2019-06-22T19:28:05+00:00","og_image":[{"width":900,"height":599,"url":"https:\/\/abconcretedesign.com\/wp-content\/uploads\/2019\/06\/national-salon-2017-all-around-us-exhibition.jpg","type":"image\/jpeg"}],"author":"AB Concrete Design","twitter_card":"summary_large_image","schema":{"@context":"https:\/\/schema.org","@graph":[{"@type":"Article","@id":"https:\/\/abconcretedesign.com\/hu\/reszt-vettunk-a-nemzeti-szalon-2017-kiallitason\/#article","isPartOf":{"@id":"https:\/\/abconcretedesign.com\/hu\/reszt-vettunk-a-nemzeti-szalon-2017-kiallitason\/"},"author":{"name":"AB Concrete Design","@id":"https:\/\/abconcretedesign.com\/hu\/#\/schema\/person\/0a8b63622f7b0d0f5f8fee62a4ecc6b5"},"headline":"R\u00e9szt vett\u00fcnk a M\u0171csarnok K\u00f6r\u00fcl\u00f6tt\u00fcnk. Nemzeti Szalon 2017.","datePublished":"2017-07-09T20:51:41+00:00","dateModified":"2019-06-22T19:28:05+00:00","mainEntityOfPage":{"@id":"https:\/\/abconcretedesign.com\/hu\/reszt-vettunk-a-nemzeti-szalon-2017-kiallitason\/"},"wordCount":347,"publisher":{"@id":"https:\/\/abconcretedesign.com\/hu\/#organization"},"image":{"@id":"https:\/\/abconcretedesign.com\/hu\/reszt-vettunk-a-nemzeti-szalon-2017-kiallitason\/#primaryimage"},"thumbnailUrl":"https:\/\/abconcretedesign.com\/wp-content\/uploads\/2019\/06\/national-salon-2017-all-around-us-exhibition.jpg","keywords":["ki\u00e1ll\u00edt\u00e1s"],"articleSection":["betonnal kapcsolatos esem\u00e9nyek"],"inLanguage":"hu"},{"@type":"WebPage","@id":"https:\/\/abconcretedesign.com\/hu\/reszt-vettunk-a-nemzeti-szalon-2017-kiallitason\/","url":"https:\/\/abconcretedesign.com\/hu\/reszt-vettunk-a-nemzeti-szalon-2017-kiallitason\/","name":"R\u00e9szt vett\u00fcnk a M\u0171csarnok K\u00f6r\u00fcl\u00f6tt\u00fcnk. Nemzeti Szalon 2017. &#187; AB Concrete Design","isPartOf":{"@id":"https:\/\/abconcretedesign.com\/hu\/#website"},"primaryImageOfPage":{"@id":"https:\/\/abconcretedesign.com\/hu\/reszt-vettunk-a-nemzeti-szalon-2017-kiallitason\/#primaryimage"},"image":{"@id":"https:\/\/abconcretedesign.com\/hu\/reszt-vettunk-a-nemzeti-szalon-2017-kiallitason\/#primaryimage"},"thumbnailUrl":"https:\/\/abconcretedesign.com\/wp-content\/uploads\/2019\/06\/national-salon-2017-all-around-us-exhibition.jpg","datePublished":"2017-07-09T20:51:41+00:00","dateModified":"2019-06-22T19:28:05+00:00","description":"Az idei \u00e9vben a t\u00e1rgyalkot\u00e1s ker\u00fclt a k\u00f6z\u00e9ppontba \u2013 \u00edgy az AB concrete design is bemutatkozhatott m\u00fazeumi t\u00e9rben.","breadcrumb":{"@id":"https:\/\/abconcretedesign.com\/hu\/reszt-vettunk-a-nemzeti-szalon-2017-kiallitason\/#breadcrumb"},"inLanguage":"hu","potentialAction":[{"@type":"ReadAction","target":["https:\/\/abconcretedesign.com\/hu\/reszt-vettunk-a-nemzeti-szalon-2017-kiallitason\/"]}]},{"@type":"ImageObject","inLanguage":"hu","@id":"https:\/\/abconcretedesign.com\/hu\/reszt-vettunk-a-nemzeti-szalon-2017-kiallitason\/#primaryimage","url":"https:\/\/abconcretedesign.com\/wp-content\/uploads\/2019\/06\/national-salon-2017-all-around-us-exhibition.jpg","contentUrl":"https:\/\/abconcretedesign.com\/wp-content\/uploads\/2019\/06\/national-salon-2017-all-around-us-exhibition.jpg","width":900,"height":599},{"@type":"BreadcrumbList","@id":"https:\/\/abconcretedesign.com\/hu\/reszt-vettunk-a-nemzeti-szalon-2017-kiallitason\/#breadcrumb","itemListElement":[{"@type":"ListItem","position":1,"name":"F\u0151oldal","item":"https:\/\/abconcretedesign.com\/hu\/"},{"@type":"ListItem","position":2,"name":"R\u00e9szt vett\u00fcnk a M\u0171csarnok K\u00f6r\u00fcl\u00f6tt\u00fcnk. Nemzeti Szalon 2017."}]},{"@type":"WebSite","@id":"https:\/\/abconcretedesign.com\/hu\/#website","url":"https:\/\/abconcretedesign.com\/hu\/","name":"AB Concrete Design and Business Gifts","description":"Beton Design T\u00e1rgyak, \u00c9kszer \u00e9s \u00dczleti Aj\u00e1nd\u00e9k, Beton Tr\u00f3fe\u00e1k","publisher":{"@id":"https:\/\/abconcretedesign.com\/hu\/#organization"},"potentialAction":[{"@type":"SearchAction","target":{"@type":"EntryPoint","urlTemplate":"https:\/\/abconcretedesign.com\/hu\/?s={search_term_string}"},"query-input":{"@type":"PropertyValueSpecification","valueRequired":true,"valueName":"search_term_string"}}],"inLanguage":"hu"},{"@type":"Organization","@id":"https:\/\/abconcretedesign.com\/hu\/#organization","name":"AB Concrete Design","url":"https:\/\/abconcretedesign.com\/hu\/","logo":{"@type":"ImageObject","inLanguage":"hu","@id":"https:\/\/abconcretedesign.com\/hu\/#\/schema\/logo\/image\/","url":"https:\/\/abconcretedesign.com\/wp-content\/uploads\/2019\/04\/ab-concrete-design-logo.jpg","contentUrl":"https:\/\/abconcretedesign.com\/wp-content\/uploads\/2019\/04\/ab-concrete-design-logo.jpg","width":351,"height":89,"caption":"AB Concrete Design"},"image":{"@id":"https:\/\/abconcretedesign.com\/hu\/#\/schema\/logo\/image\/"}},{"@type":"Person","@id":"https:\/\/abconcretedesign.com\/hu\/#\/schema\/person\/0a8b63622f7b0d0f5f8fee62a4ecc6b5","name":"AB Concrete Design","sameAs":["https:\/\/abconcretedesign.com"]}]}},"_links":{"self":[{"href":"https:\/\/abconcretedesign.com\/hu\/wp-json\/wp\/v2\/posts\/5031","targetHints":{"allow":["GET"]}}],"collection":[{"href":"https:\/\/abconcretedesign.com\/hu\/wp-json\/wp\/v2\/posts"}],"about":[{"href":"https:\/\/abconcretedesign.com\/hu\/wp-json\/wp\/v2\/types\/post"}],"author":[{"embeddable":true,"href":"https:\/\/abconcretedesign.com\/hu\/wp-json\/wp\/v2\/users\/2"}],"replies":[{"embeddable":true,"href":"https:\/\/abconcretedesign.com\/hu\/wp-json\/wp\/v2\/comments?post=5031"}],"version-history":[{"count":2,"href":"https:\/\/abconcretedesign.com\/hu\/wp-json\/wp\/v2\/posts\/5031\/revisions"}],"predecessor-version":[{"id":5047,"href":"https:\/\/abconcretedesign.com\/hu\/wp-json\/wp\/v2\/posts\/5031\/revisions\/5047"}],"wp:featuredmedia":[{"embeddable":true,"href":"https:\/\/abconcretedesign.com\/hu\/wp-json\/wp\/v2\/media\/4936"}],"wp:attachment":[{"href":"https:\/\/abconcretedesign.com\/hu\/wp-json\/wp\/v2\/media?parent=5031"}],"wp:term":[{"taxonomy":"category","embeddable":true,"href":"https:\/\/abconcretedesign.com\/hu\/wp-json\/wp\/v2\/categories?post=5031"},{"taxonomy":"post_tag","embeddable":true,"href":"https:\/\/abconcretedesign.com\/hu\/wp-json\/wp\/v2\/tags?post=5031"}],"curies":[{"name":"wp","href":"https:\/\/api.w.org\/{rel}","templated":true}]}}