{"id":4899,"date":"2017-04-09T20:09:32","date_gmt":"2017-04-09T18:09:32","guid":{"rendered":"https:\/\/abconcretedesign.com\/construma-2017-magyar-design-stand\/"},"modified":"2019-06-22T21:32:15","modified_gmt":"2019-06-22T19:32:15","slug":"construma-2017-magyar-design-stand","status":"publish","type":"post","link":"https:\/\/abconcretedesign.com\/hu\/construma-2017-magyar-design-stand\/","title":{"rendered":"CONSTRUMA 2017 &#8211; MAGYAR DESIGN stand"},"content":{"rendered":"<h4>2017-ben hatodik alkalommal jelentkezik az OTTHONDesign szakv\u00e1s\u00e1ron a magyar tervez\u0151k leg\u00fajabb munk\u00e1it bemutat\u00f3 MAGYAR DESIGN ki\u00e1ll\u00edt\u00e1s. A ki\u00e1ll\u00edt\u00e1si t\u00e1rgyak k\u00f6z\u00f6tt protot\u00edpusok, k\u00eds\u00e9rleti darabok \u00e9s kissz\u00e9ri\u00e1s, vagy egyedi megrendel\u00e9sre k\u00e9sz\u00fcl\u0151 term\u00e9kek is szerepelnek. A standon id\u00e9n is helyet kapott egy t\u00e1rsalg\u00f3-k\u00e1v\u00e9z\u00f3, ahol a tervez\u0151k b\u00fatoraival berendezett t\u00e9rben lehet\u0151s\u00e9g ny\u00edlik szem\u00e9lyes tal\u00e1lkoz\u00e1sra a ki\u00e1ll\u00edt\u00f3kkal, valamint szakmai eszmecser\u00e9re \u00e9s kapcsolat\u00e9p\u00edt\u00e9sre. A ki\u00e1ll\u00edt\u00e1s felv\u00e1llalt c\u00e9lja, hogy a designszeml\u00e9letet k\u00f6zelebb hozza a l\u00e1togat\u00f3khoz, ez\u00e9rt a tervez\u0151i koncepci\u00f3kat, elgondol\u00e1sokat is k\u00f6zvet\u00edti, bemutatja az \u00e9rdekl\u0151d\u0151k sz\u00e1m\u00e1ra.<\/h4>\n<div class=\"row\"  id=\"row-36815146\">\n\n\t<div id=\"col-311956153\" class=\"col small-12 large-12\"  >\n\t\t\t\t<div class=\"col-inner\"  >\n\t\t\t\n\t\t\t\n<div class=\"row\"  id=\"row-753754487\">\n\n\t<div id=\"col-1894110462\" class=\"col medium-5 small-12 large-5\"  >\n\t\t\t\t<div class=\"col-inner\"  >\n\t\t\t\n\t\t\t\n\t<div class=\"img has-hover x md-x lg-x y md-y lg-y\" id=\"image_115898709\">\n\t\t\t\t\t\t\t\t<div class=\"img-inner dark\" >\n\t\t\t<img loading=\"lazy\" decoding=\"async\" width=\"619\" height=\"800\" src=\"https:\/\/abconcretedesign.com\/wp-content\/uploads\/2019\/06\/hungarian-design-exhibition-construma-2017-1-619x800.jpg\" class=\"attachment-large size-large\" alt=\"\" srcset=\"https:\/\/abconcretedesign.com\/wp-content\/uploads\/2019\/06\/hungarian-design-exhibition-construma-2017-1-619x800.jpg 619w, https:\/\/abconcretedesign.com\/wp-content\/uploads\/2019\/06\/hungarian-design-exhibition-construma-2017-1-510x659.jpg 510w, https:\/\/abconcretedesign.com\/wp-content\/uploads\/2019\/06\/hungarian-design-exhibition-construma-2017-1-309x400.jpg 309w, https:\/\/abconcretedesign.com\/wp-content\/uploads\/2019\/06\/hungarian-design-exhibition-construma-2017-1-768x993.jpg 768w, https:\/\/abconcretedesign.com\/wp-content\/uploads\/2019\/06\/hungarian-design-exhibition-construma-2017-1-600x776.jpg 600w, https:\/\/abconcretedesign.com\/wp-content\/uploads\/2019\/06\/hungarian-design-exhibition-construma-2017-1.jpg 1238w\" sizes=\"auto, (max-width: 619px) 100vw, 619px\" \/>\t\t\t\t\t\t\n\t\t\t\t\t<\/div>\n\t\t\t\t\t\t\t\t\n<style>\n#image_115898709 {\n  width: 100%;\n}\n<\/style>\n\t<\/div>\n\t\n\t\t<\/div>\n\t\t\t\t\t<\/div>\n\n\t\n\n\t<div id=\"col-207518386\" class=\"col medium-7 small-12 large-7\"  >\n\t\t\t\t<div class=\"col-inner\"  >\n\t\t\t\n\t\t\t\n<p><b>MAGYAR DESIGN stand<\/b><\/p>\n<p>Az idei ki\u00e1ll\u00edt\u00e1st egyfajta kortalan design, azaz megold\u00e1saiban egyszer\u0171s\u00f6d\u0151, az er\u0151forr\u00e1sok \u00e9sszer\u0171 felhaszn\u00e1l\u00e1s\u00e1t szem el\u0151tt tart\u00f3, a funkcion\u00e1lis ig\u00e9nyekre koncentr\u00e1l\u00f3 \u00e9s hossz\u00fat\u00e1vra k\u00e9sz\u00fcl\u0151 t\u00e1rgyak jellemzik.<\/p>\n<p>Az idei ki\u00e1ll\u00edt\u00f3k: AB CONCRETE DESIGN, BAANTAL, BARAKS\u00d3 ALEXANDRA, DEME TAM\u00c1S, F\u00c9SZEK R\u00c9SZEK, GY\u0150RE M\u00c1T\u00c9, HANNABI, INDUSTREAL, JUHOS LEHEL, KER\u00c9KGY\u00c1RT\u00d3 ANDR\u00c1S, PAPER UP!, PDSIGN, PUZS\u00c9R ZSANNA, SOCOWOO, S\u00d6PTEI ESZTER, STUDIO NOMAD.<\/p>\n\t\t<\/div>\n\t\t\t\t\t<\/div>\n\n\t\n<\/div>\n<p>Az AB concrete design CONCRETEDICTION polccal \u00e9s fogassal, CUBO k\u00e9ptart\u00f3kkal, BLUB m\u00e9csestart\u00f3kkal \u00e9s k\u00fclt\u00e9ri n\u00f6v\u00e9nytart\u00f3val volt jelen a szeml\u00e9n. Egy\u00e9rtelm\u0171en a puha hat\u00e1s\u00fa polc \u00e9s fogas volt a k\u00f6z\u00f6ns\u00e9g kedvence, mindenki \u00f6r\u00f6mmel \u00e9s izgalommal fedezte fel, hogy val\u00f3j\u00e1ban t\u00f6m\u00f6r betonb\u00f3l k\u00e9sz\u00fcltek a t\u00e1rgyak.<\/p>\n<div class=\"row\"  id=\"row-772354180\">\n\n\t<div id=\"col-802331706\" class=\"col small-12 large-12\"  >\n\t\t\t\t<div class=\"col-inner\"  >\n\t\t\t\n\t\t\t\n\t<div class=\"img has-hover x md-x lg-x y md-y lg-y\" id=\"image_79955705\">\n\t\t\t\t\t\t\t\t<div class=\"img-inner dark\" >\n\t\t\t<img loading=\"lazy\" decoding=\"async\" width=\"1020\" height=\"680\" src=\"https:\/\/abconcretedesign.com\/wp-content\/uploads\/2019\/06\/hungarian-indoor-design-exhibition-1200x800.jpg\" class=\"attachment-large size-large\" alt=\"\" srcset=\"https:\/\/abconcretedesign.com\/wp-content\/uploads\/2019\/06\/hungarian-indoor-design-exhibition.jpg 1200w, https:\/\/abconcretedesign.com\/wp-content\/uploads\/2019\/06\/hungarian-indoor-design-exhibition-510x340.jpg 510w, https:\/\/abconcretedesign.com\/wp-content\/uploads\/2019\/06\/hungarian-indoor-design-exhibition-600x400.jpg 600w, https:\/\/abconcretedesign.com\/wp-content\/uploads\/2019\/06\/hungarian-indoor-design-exhibition-768x512.jpg 768w\" sizes=\"auto, (max-width: 1020px) 100vw, 1020px\" \/>\t\t\t\t\t\t\n\t\t\t\t\t<\/div>\n\t\t\t\t\t\t\t\t\n<style>\n#image_79955705 {\n  width: 100%;\n}\n<\/style>\n\t<\/div>\n\t\n\t\t<\/div>\n\t\t\t\t\t<\/div>\n\n\t\n<\/div>\n\t\t<\/div>\n\t\t\t\t\t<\/div>\n\n\t\n<\/div>\n<div class=\"row\"  id=\"row-890543533\">\n\n\t<div id=\"col-2133610384\" class=\"col small-12 large-12\"  >\n\t\t\t\t<div class=\"col-inner\"  >\n\t\t\t\n\t\t\t\n<p>Az idei MAGYAR DESIGN pavilon ki\u00e1ll\u00edt\u00f3i k\u00f6z\u00fcl t\u00f6bbekkel m\u00e1r k\u00f6z\u00f6s munk\u00e1n is dolgoztunk. \u00cdgy sz\u00fcletett meg a Hannabival k\u00f6z\u00f6s f\u00e9mv\u00e1zas <a href=\"https:\/\/www.hannabisofa.hu\/hannabi-sofa-hun\">beton asztalka<\/a>, az Autistic Art Alap\u00edtv\u00e1ny \u00e1rver\u00e9s\u00e9re.<\/p>\n<p>A <a href=\"http:\/\/www.feszekreszek.hu\">F\u00e9szek R\u00e9szekkel<\/a> egy\u00fctt fejlesztett\u00fck <a href=\"http:\/\/abconcretedesign.com\/en\/page\/cufflinks\">mandzsett\u00e1ink <\/a>d\u00edszdobozait, de Puzs\u00e9r Zsanna diplomamunk\u00e1j\u00e1nak k\u00fcls\u0151s konzulensek\u00e9nt is egy\u00fctt dolgoztunk az alap\u00edt\u00f3 Bergovecz L\u00e1szl\u00f3val.<\/p>\n\t\t<\/div>\n\t\t\t\t\t<\/div>\n\n\t\n<\/div>\n","protected":false},"excerpt":{"rendered":"<p>2017-ben hatodik alkalommal jelentkezik az OTTHONDesign szakv\u00e1s\u00e1ron a magyar tervez\u0151k leg\u00fajabb munk\u00e1it bemutat\u00f3 MAGYAR DESIGN ki\u00e1ll\u00edt\u00e1s. A ki\u00e1ll\u00edt\u00e1si t\u00e1rgyak k\u00f6z\u00f6tt protot\u00edpusok, k\u00eds\u00e9rleti darabok \u00e9s kissz\u00e9ri\u00e1s, vagy egyedi megrendel\u00e9sre k\u00e9sz\u00fcl\u0151 term\u00e9kek is szerepelnek. A standon id\u00e9n is helyet kapott egy t\u00e1rsalg\u00f3-k\u00e1v\u00e9z\u00f3, ahol a tervez\u0151k b\u00fatoraival berendezett t\u00e9rben lehet\u0151s\u00e9g ny\u00edlik szem\u00e9lyes tal\u00e1lkoz\u00e1sra a ki\u00e1ll\u00edt\u00f3kkal, valamint szakmai eszmecser\u00e9re [&#8230;]\n","protected":false},"author":2,"featured_media":4877,"comment_status":"closed","ping_status":"open","sticky":false,"template":"","format":"standard","meta":{"footnotes":""},"categories":[301],"tags":[289],"class_list":["post-4899","post","type-post","status-publish","format-standard","has-post-thumbnail","hentry","category-betonnal-kapcsolatos-esemenyek-melyeken-reszt-vettunk","tag-kiallitas"],"yoast_head":"<!-- This site is optimized with the Yoast SEO Premium plugin v26.2 (Yoast SEO v27.4) - https:\/\/yoast.com\/product\/yoast-seo-premium-wordpress\/ -->\n<title>CONSTRUMA 2017 - MAGYAR DESIGN stand &#187; AB Concrete Design<\/title>\n<meta name=\"description\" content=\"Az idei ki\u00e1ll\u00edt\u00e1st egyfajta kortalan design, azaz megold\u00e1saiban egyszer\u0171s\u00f6d\u0151, a funkcion\u00e1lis ig\u00e9nyekre koncentr\u00e1l\u00f3 \u00e9s hossz\u00fat\u00e1vra k\u00e9sz\u00fcl\u0151 t\u00e1rgyak jellemzik.\" \/>\n<meta name=\"robots\" content=\"index, follow, max-snippet:-1, max-image-preview:large, max-video-preview:-1\" \/>\n<link rel=\"canonical\" href=\"https:\/\/abconcretedesign.com\/hu\/construma-2017-magyar-design-stand\/\" \/>\n<meta property=\"og:locale\" content=\"hu_HU\" \/>\n<meta property=\"og:type\" content=\"article\" \/>\n<meta property=\"og:title\" content=\"CONSTRUMA 2017 - MAGYAR DESIGN stand\" \/>\n<meta property=\"og:description\" content=\"2017-ben hatodik alkalommal jelentkezik az OTTHONDesign szakv\u00e1s\u00e1ron a magyar tervez\u0151k leg\u00fajabb munk\u00e1it bemutat\u00f3 MAGYAR DESIGN ki\u00e1ll\u00edt\u00e1s. A ki\u00e1ll\u00edt\u00e1si\" \/>\n<meta property=\"og:url\" content=\"https:\/\/abconcretedesign.com\/hu\/construma-2017-magyar-design-stand\/\" \/>\n<meta property=\"og:site_name\" content=\"AB Concrete Design\" \/>\n<meta property=\"article:published_time\" content=\"2017-04-09T18:09:32+00:00\" \/>\n<meta property=\"article:modified_time\" content=\"2019-06-22T19:32:15+00:00\" \/>\n<meta property=\"og:image\" content=\"https:\/\/abconcretedesign.com\/wp-content\/uploads\/2019\/06\/hungarian-design-exhibition-ab-concrete-design.jpg\" \/>\n\t<meta property=\"og:image:width\" content=\"1600\" \/>\n\t<meta property=\"og:image:height\" content=\"1068\" \/>\n\t<meta property=\"og:image:type\" content=\"image\/jpeg\" \/>\n<meta name=\"author\" content=\"AB Concrete Design\" \/>\n<meta name=\"twitter:card\" content=\"summary_large_image\" \/>\n<script type=\"application\/ld+json\" class=\"yoast-schema-graph\">{\"@context\":\"https:\\\/\\\/schema.org\",\"@graph\":[{\"@type\":\"Article\",\"@id\":\"https:\\\/\\\/abconcretedesign.com\\\/hu\\\/construma-2017-magyar-design-stand\\\/#article\",\"isPartOf\":{\"@id\":\"https:\\\/\\\/abconcretedesign.com\\\/hu\\\/construma-2017-magyar-design-stand\\\/\"},\"author\":{\"name\":\"AB Concrete Design\",\"@id\":\"https:\\\/\\\/abconcretedesign.com\\\/hu\\\/#\\\/schema\\\/person\\\/0a8b63622f7b0d0f5f8fee62a4ecc6b5\"},\"headline\":\"CONSTRUMA 2017 &#8211; MAGYAR DESIGN stand\",\"datePublished\":\"2017-04-09T18:09:32+00:00\",\"dateModified\":\"2019-06-22T19:32:15+00:00\",\"mainEntityOfPage\":{\"@id\":\"https:\\\/\\\/abconcretedesign.com\\\/hu\\\/construma-2017-magyar-design-stand\\\/\"},\"wordCount\":435,\"publisher\":{\"@id\":\"https:\\\/\\\/abconcretedesign.com\\\/hu\\\/#organization\"},\"image\":{\"@id\":\"https:\\\/\\\/abconcretedesign.com\\\/hu\\\/construma-2017-magyar-design-stand\\\/#primaryimage\"},\"thumbnailUrl\":\"https:\\\/\\\/abconcretedesign.com\\\/wp-content\\\/uploads\\\/2019\\\/06\\\/hungarian-design-exhibition-ab-concrete-design.jpg\",\"keywords\":[\"ki\u00e1ll\u00edt\u00e1s\"],\"articleSection\":[\"betonnal kapcsolatos esem\u00e9nyek\"],\"inLanguage\":\"hu\"},{\"@type\":\"WebPage\",\"@id\":\"https:\\\/\\\/abconcretedesign.com\\\/hu\\\/construma-2017-magyar-design-stand\\\/\",\"url\":\"https:\\\/\\\/abconcretedesign.com\\\/hu\\\/construma-2017-magyar-design-stand\\\/\",\"name\":\"CONSTRUMA 2017 - MAGYAR DESIGN stand &#187; AB Concrete Design\",\"isPartOf\":{\"@id\":\"https:\\\/\\\/abconcretedesign.com\\\/hu\\\/#website\"},\"primaryImageOfPage\":{\"@id\":\"https:\\\/\\\/abconcretedesign.com\\\/hu\\\/construma-2017-magyar-design-stand\\\/#primaryimage\"},\"image\":{\"@id\":\"https:\\\/\\\/abconcretedesign.com\\\/hu\\\/construma-2017-magyar-design-stand\\\/#primaryimage\"},\"thumbnailUrl\":\"https:\\\/\\\/abconcretedesign.com\\\/wp-content\\\/uploads\\\/2019\\\/06\\\/hungarian-design-exhibition-ab-concrete-design.jpg\",\"datePublished\":\"2017-04-09T18:09:32+00:00\",\"dateModified\":\"2019-06-22T19:32:15+00:00\",\"description\":\"Az idei ki\u00e1ll\u00edt\u00e1st egyfajta kortalan design, azaz megold\u00e1saiban egyszer\u0171s\u00f6d\u0151, a funkcion\u00e1lis ig\u00e9nyekre koncentr\u00e1l\u00f3 \u00e9s hossz\u00fat\u00e1vra k\u00e9sz\u00fcl\u0151 t\u00e1rgyak jellemzik.\",\"breadcrumb\":{\"@id\":\"https:\\\/\\\/abconcretedesign.com\\\/hu\\\/construma-2017-magyar-design-stand\\\/#breadcrumb\"},\"inLanguage\":\"hu\",\"potentialAction\":[{\"@type\":\"ReadAction\",\"target\":[\"https:\\\/\\\/abconcretedesign.com\\\/hu\\\/construma-2017-magyar-design-stand\\\/\"]}]},{\"@type\":\"ImageObject\",\"inLanguage\":\"hu\",\"@id\":\"https:\\\/\\\/abconcretedesign.com\\\/hu\\\/construma-2017-magyar-design-stand\\\/#primaryimage\",\"url\":\"https:\\\/\\\/abconcretedesign.com\\\/wp-content\\\/uploads\\\/2019\\\/06\\\/hungarian-design-exhibition-ab-concrete-design.jpg\",\"contentUrl\":\"https:\\\/\\\/abconcretedesign.com\\\/wp-content\\\/uploads\\\/2019\\\/06\\\/hungarian-design-exhibition-ab-concrete-design.jpg\",\"width\":1600,\"height\":1068},{\"@type\":\"BreadcrumbList\",\"@id\":\"https:\\\/\\\/abconcretedesign.com\\\/hu\\\/construma-2017-magyar-design-stand\\\/#breadcrumb\",\"itemListElement\":[{\"@type\":\"ListItem\",\"position\":1,\"name\":\"F\u0151oldal\",\"item\":\"https:\\\/\\\/abconcretedesign.com\\\/hu\\\/\"},{\"@type\":\"ListItem\",\"position\":2,\"name\":\"CONSTRUMA 2017 &#8211; MAGYAR DESIGN stand\"}]},{\"@type\":\"WebSite\",\"@id\":\"https:\\\/\\\/abconcretedesign.com\\\/hu\\\/#website\",\"url\":\"https:\\\/\\\/abconcretedesign.com\\\/hu\\\/\",\"name\":\"AB Concrete Design and Business Gifts\",\"description\":\"Beton Design T\u00e1rgyak, \u00c9kszer \u00e9s \u00dczleti Aj\u00e1nd\u00e9k, Beton Tr\u00f3fe\u00e1k\",\"publisher\":{\"@id\":\"https:\\\/\\\/abconcretedesign.com\\\/hu\\\/#organization\"},\"potentialAction\":[{\"@type\":\"SearchAction\",\"target\":{\"@type\":\"EntryPoint\",\"urlTemplate\":\"https:\\\/\\\/abconcretedesign.com\\\/hu\\\/?s={search_term_string}\"},\"query-input\":{\"@type\":\"PropertyValueSpecification\",\"valueRequired\":true,\"valueName\":\"search_term_string\"}}],\"inLanguage\":\"hu\"},{\"@type\":\"Organization\",\"@id\":\"https:\\\/\\\/abconcretedesign.com\\\/hu\\\/#organization\",\"name\":\"AB Concrete Design\",\"url\":\"https:\\\/\\\/abconcretedesign.com\\\/hu\\\/\",\"logo\":{\"@type\":\"ImageObject\",\"inLanguage\":\"hu\",\"@id\":\"https:\\\/\\\/abconcretedesign.com\\\/hu\\\/#\\\/schema\\\/logo\\\/image\\\/\",\"url\":\"https:\\\/\\\/abconcretedesign.com\\\/wp-content\\\/uploads\\\/2019\\\/04\\\/ab-concrete-design-logo.jpg\",\"contentUrl\":\"https:\\\/\\\/abconcretedesign.com\\\/wp-content\\\/uploads\\\/2019\\\/04\\\/ab-concrete-design-logo.jpg\",\"width\":351,\"height\":89,\"caption\":\"AB Concrete Design\"},\"image\":{\"@id\":\"https:\\\/\\\/abconcretedesign.com\\\/hu\\\/#\\\/schema\\\/logo\\\/image\\\/\"}},{\"@type\":\"Person\",\"@id\":\"https:\\\/\\\/abconcretedesign.com\\\/hu\\\/#\\\/schema\\\/person\\\/0a8b63622f7b0d0f5f8fee62a4ecc6b5\",\"name\":\"AB Concrete Design\",\"sameAs\":[\"https:\\\/\\\/abconcretedesign.com\"]}]}<\/script>\n<!-- \/ Yoast SEO Premium plugin. -->","yoast_head_json":{"title":"CONSTRUMA 2017 - MAGYAR DESIGN stand &#187; AB Concrete Design","description":"Az idei ki\u00e1ll\u00edt\u00e1st egyfajta kortalan design, azaz megold\u00e1saiban egyszer\u0171s\u00f6d\u0151, a funkcion\u00e1lis ig\u00e9nyekre koncentr\u00e1l\u00f3 \u00e9s hossz\u00fat\u00e1vra k\u00e9sz\u00fcl\u0151 t\u00e1rgyak jellemzik.","robots":{"index":"index","follow":"follow","max-snippet":"max-snippet:-1","max-image-preview":"max-image-preview:large","max-video-preview":"max-video-preview:-1"},"canonical":"https:\/\/abconcretedesign.com\/hu\/construma-2017-magyar-design-stand\/","og_locale":"hu_HU","og_type":"article","og_title":"CONSTRUMA 2017 - MAGYAR DESIGN stand","og_description":"2017-ben hatodik alkalommal jelentkezik az OTTHONDesign szakv\u00e1s\u00e1ron a magyar tervez\u0151k leg\u00fajabb munk\u00e1it bemutat\u00f3 MAGYAR DESIGN ki\u00e1ll\u00edt\u00e1s. A ki\u00e1ll\u00edt\u00e1si","og_url":"https:\/\/abconcretedesign.com\/hu\/construma-2017-magyar-design-stand\/","og_site_name":"AB Concrete Design","article_published_time":"2017-04-09T18:09:32+00:00","article_modified_time":"2019-06-22T19:32:15+00:00","og_image":[{"width":1600,"height":1068,"url":"https:\/\/abconcretedesign.com\/wp-content\/uploads\/2019\/06\/hungarian-design-exhibition-ab-concrete-design.jpg","type":"image\/jpeg"}],"author":"AB Concrete Design","twitter_card":"summary_large_image","schema":{"@context":"https:\/\/schema.org","@graph":[{"@type":"Article","@id":"https:\/\/abconcretedesign.com\/hu\/construma-2017-magyar-design-stand\/#article","isPartOf":{"@id":"https:\/\/abconcretedesign.com\/hu\/construma-2017-magyar-design-stand\/"},"author":{"name":"AB Concrete Design","@id":"https:\/\/abconcretedesign.com\/hu\/#\/schema\/person\/0a8b63622f7b0d0f5f8fee62a4ecc6b5"},"headline":"CONSTRUMA 2017 &#8211; MAGYAR DESIGN stand","datePublished":"2017-04-09T18:09:32+00:00","dateModified":"2019-06-22T19:32:15+00:00","mainEntityOfPage":{"@id":"https:\/\/abconcretedesign.com\/hu\/construma-2017-magyar-design-stand\/"},"wordCount":435,"publisher":{"@id":"https:\/\/abconcretedesign.com\/hu\/#organization"},"image":{"@id":"https:\/\/abconcretedesign.com\/hu\/construma-2017-magyar-design-stand\/#primaryimage"},"thumbnailUrl":"https:\/\/abconcretedesign.com\/wp-content\/uploads\/2019\/06\/hungarian-design-exhibition-ab-concrete-design.jpg","keywords":["ki\u00e1ll\u00edt\u00e1s"],"articleSection":["betonnal kapcsolatos esem\u00e9nyek"],"inLanguage":"hu"},{"@type":"WebPage","@id":"https:\/\/abconcretedesign.com\/hu\/construma-2017-magyar-design-stand\/","url":"https:\/\/abconcretedesign.com\/hu\/construma-2017-magyar-design-stand\/","name":"CONSTRUMA 2017 - MAGYAR DESIGN stand &#187; AB Concrete Design","isPartOf":{"@id":"https:\/\/abconcretedesign.com\/hu\/#website"},"primaryImageOfPage":{"@id":"https:\/\/abconcretedesign.com\/hu\/construma-2017-magyar-design-stand\/#primaryimage"},"image":{"@id":"https:\/\/abconcretedesign.com\/hu\/construma-2017-magyar-design-stand\/#primaryimage"},"thumbnailUrl":"https:\/\/abconcretedesign.com\/wp-content\/uploads\/2019\/06\/hungarian-design-exhibition-ab-concrete-design.jpg","datePublished":"2017-04-09T18:09:32+00:00","dateModified":"2019-06-22T19:32:15+00:00","description":"Az idei ki\u00e1ll\u00edt\u00e1st egyfajta kortalan design, azaz megold\u00e1saiban egyszer\u0171s\u00f6d\u0151, a funkcion\u00e1lis ig\u00e9nyekre koncentr\u00e1l\u00f3 \u00e9s hossz\u00fat\u00e1vra k\u00e9sz\u00fcl\u0151 t\u00e1rgyak jellemzik.","breadcrumb":{"@id":"https:\/\/abconcretedesign.com\/hu\/construma-2017-magyar-design-stand\/#breadcrumb"},"inLanguage":"hu","potentialAction":[{"@type":"ReadAction","target":["https:\/\/abconcretedesign.com\/hu\/construma-2017-magyar-design-stand\/"]}]},{"@type":"ImageObject","inLanguage":"hu","@id":"https:\/\/abconcretedesign.com\/hu\/construma-2017-magyar-design-stand\/#primaryimage","url":"https:\/\/abconcretedesign.com\/wp-content\/uploads\/2019\/06\/hungarian-design-exhibition-ab-concrete-design.jpg","contentUrl":"https:\/\/abconcretedesign.com\/wp-content\/uploads\/2019\/06\/hungarian-design-exhibition-ab-concrete-design.jpg","width":1600,"height":1068},{"@type":"BreadcrumbList","@id":"https:\/\/abconcretedesign.com\/hu\/construma-2017-magyar-design-stand\/#breadcrumb","itemListElement":[{"@type":"ListItem","position":1,"name":"F\u0151oldal","item":"https:\/\/abconcretedesign.com\/hu\/"},{"@type":"ListItem","position":2,"name":"CONSTRUMA 2017 &#8211; MAGYAR DESIGN stand"}]},{"@type":"WebSite","@id":"https:\/\/abconcretedesign.com\/hu\/#website","url":"https:\/\/abconcretedesign.com\/hu\/","name":"AB Concrete Design and Business Gifts","description":"Beton Design T\u00e1rgyak, \u00c9kszer \u00e9s \u00dczleti Aj\u00e1nd\u00e9k, Beton Tr\u00f3fe\u00e1k","publisher":{"@id":"https:\/\/abconcretedesign.com\/hu\/#organization"},"potentialAction":[{"@type":"SearchAction","target":{"@type":"EntryPoint","urlTemplate":"https:\/\/abconcretedesign.com\/hu\/?s={search_term_string}"},"query-input":{"@type":"PropertyValueSpecification","valueRequired":true,"valueName":"search_term_string"}}],"inLanguage":"hu"},{"@type":"Organization","@id":"https:\/\/abconcretedesign.com\/hu\/#organization","name":"AB Concrete Design","url":"https:\/\/abconcretedesign.com\/hu\/","logo":{"@type":"ImageObject","inLanguage":"hu","@id":"https:\/\/abconcretedesign.com\/hu\/#\/schema\/logo\/image\/","url":"https:\/\/abconcretedesign.com\/wp-content\/uploads\/2019\/04\/ab-concrete-design-logo.jpg","contentUrl":"https:\/\/abconcretedesign.com\/wp-content\/uploads\/2019\/04\/ab-concrete-design-logo.jpg","width":351,"height":89,"caption":"AB Concrete Design"},"image":{"@id":"https:\/\/abconcretedesign.com\/hu\/#\/schema\/logo\/image\/"}},{"@type":"Person","@id":"https:\/\/abconcretedesign.com\/hu\/#\/schema\/person\/0a8b63622f7b0d0f5f8fee62a4ecc6b5","name":"AB Concrete Design","sameAs":["https:\/\/abconcretedesign.com"]}]}},"_links":{"self":[{"href":"https:\/\/abconcretedesign.com\/hu\/wp-json\/wp\/v2\/posts\/4899","targetHints":{"allow":["GET"]}}],"collection":[{"href":"https:\/\/abconcretedesign.com\/hu\/wp-json\/wp\/v2\/posts"}],"about":[{"href":"https:\/\/abconcretedesign.com\/hu\/wp-json\/wp\/v2\/types\/post"}],"author":[{"embeddable":true,"href":"https:\/\/abconcretedesign.com\/hu\/wp-json\/wp\/v2\/users\/2"}],"replies":[{"embeddable":true,"href":"https:\/\/abconcretedesign.com\/hu\/wp-json\/wp\/v2\/comments?post=4899"}],"version-history":[{"count":1,"href":"https:\/\/abconcretedesign.com\/hu\/wp-json\/wp\/v2\/posts\/4899\/revisions"}],"predecessor-version":[{"id":5049,"href":"https:\/\/abconcretedesign.com\/hu\/wp-json\/wp\/v2\/posts\/4899\/revisions\/5049"}],"wp:featuredmedia":[{"embeddable":true,"href":"https:\/\/abconcretedesign.com\/hu\/wp-json\/wp\/v2\/media\/4877"}],"wp:attachment":[{"href":"https:\/\/abconcretedesign.com\/hu\/wp-json\/wp\/v2\/media?parent=4899"}],"wp:term":[{"taxonomy":"category","embeddable":true,"href":"https:\/\/abconcretedesign.com\/hu\/wp-json\/wp\/v2\/categories?post=4899"},{"taxonomy":"post_tag","embeddable":true,"href":"https:\/\/abconcretedesign.com\/hu\/wp-json\/wp\/v2\/tags?post=4899"}],"curies":[{"name":"wp","href":"https:\/\/api.w.org\/{rel}","templated":true}]}}