{"id":4323,"date":"2018-10-10T21:50:48","date_gmt":"2018-10-10T19:50:48","guid":{"rendered":"https:\/\/abconcretedesign.com\/magyar-design-piknik-hivatalos-esemeny-budapest-design-het-2018\/"},"modified":"2019-05-08T15:20:56","modified_gmt":"2019-05-08T13:20:56","slug":"magyar-design-piknik-hivatalos-esemeny-budapest-design-het-2018","status":"publish","type":"post","link":"https:\/\/abconcretedesign.com\/hu\/magyar-design-piknik-hivatalos-esemeny-budapest-design-het-2018\/","title":{"rendered":"Magyar Design Piknik a Design H\u00e9t Budapesten"},"content":{"rendered":"<h4>A MAGYAR DESIGN kezdem\u00e9nyez\u00e9s id\u00e9n is k\u00fcl\u00f6nleges programmal jelentkezett a Design H\u00e9t Budapest keret\u00e9ben. Ez\u00fattal pikniket szerveztek, ahol 11 tervez\u0151vel \u00e9s alkot\u00e1saikkal tal\u00e1lkozhattak az \u00e9rdekl\u0151d\u0151k \u2013 k\u00f6zt\u00fck az AB Concrete Design &amp; Gifts term\u00e9keivel \u00e9s alap\u00edt\u00f3 tervez\u0151j\u00e9vel, Boldog Anit\u00e1val is.<\/h4>\n<p>A Design H\u00e9t Budapest kihagyhatatlan t\u00e1rsas\u00e1gi esem\u00e9ny\u00e9nek a Fill the Winebox borb\u00e1r adott helyet. A m\u00e9g szinte felavatatlan teret a tervez\u0151k t\u00e1rgyai, term\u00e9kei \u00e9s az alkot\u00e1s sor\u00e1n haszn\u00e1lt alapanyagok, eszk\u00f6z\u00f6k pillanatok alatt bet\u00f6lt\u00f6tt\u00e9k.<\/p>\n<div class=\"row\"  id=\"row-1742129588\">\n\n\t<div id=\"col-805837502\" class=\"col small-12 large-12\"  >\n\t\t\t\t<div class=\"col-inner\"  >\n\t\t\t\n\t\t\t\n\t<div class=\"img has-hover x md-x lg-x y md-y lg-y\" id=\"image_174583638\">\n\t\t\t\t\t\t\t\t<div class=\"img-inner dark\" >\n\t\t\t<img loading=\"lazy\" decoding=\"async\" width=\"960\" height=\"365\" src=\"https:\/\/abconcretedesign.com\/wp-content\/uploads\/2019\/05\/magyar-design-piknik-cover-designweek-budapest.jpg\" class=\"attachment-large size-large\" alt=\"\" srcset=\"https:\/\/abconcretedesign.com\/wp-content\/uploads\/2019\/05\/magyar-design-piknik-cover-designweek-budapest.jpg 960w, https:\/\/abconcretedesign.com\/wp-content\/uploads\/2019\/05\/magyar-design-piknik-cover-designweek-budapest-510x194.jpg 510w, https:\/\/abconcretedesign.com\/wp-content\/uploads\/2019\/05\/magyar-design-piknik-cover-designweek-budapest-800x304.jpg 800w, https:\/\/abconcretedesign.com\/wp-content\/uploads\/2019\/05\/magyar-design-piknik-cover-designweek-budapest-768x292.jpg 768w, https:\/\/abconcretedesign.com\/wp-content\/uploads\/2019\/05\/magyar-design-piknik-cover-designweek-budapest-600x228.jpg 600w\" sizes=\"auto, (max-width: 960px) 100vw, 960px\" \/>\t\t\t\t\t\t\n\t\t\t\t\t<\/div>\n\t\t\t\t\t\t\t\t\n<style>\n#image_174583638 {\n  width: 100%;\n}\n<\/style>\n\t<\/div>\n\t\n\t\t<\/div>\n\t\t\t\t\t<\/div>\n\n\t\n<\/div>\n  <div class=\"banner-grid-wrapper\">\n  <div id=\"banner-grid-930278504\" class=\"banner-grid row row-grid row-small\" data-packery-options=\"\">\n                      \n<div class=\"col grid-col large-6 grid-col-1-2\" ><div class=\"col-inner\">\n\t<div class=\"img has-hover x md-x lg-x y md-y lg-y\" id=\"image_88546790\">\n\t\t\t\t\t\t\t\t<div class=\"img-inner dark\" >\n\t\t\t<img loading=\"lazy\" decoding=\"async\" width=\"1020\" height=\"574\" src=\"https:\/\/abconcretedesign.com\/wp-content\/uploads\/2019\/05\/hungarian-designers-paperup-lantos-judit-ab-concrete-design-1400x788.jpg\" class=\"attachment-large size-large\" alt=\"\" srcset=\"https:\/\/abconcretedesign.com\/wp-content\/uploads\/2019\/05\/hungarian-designers-paperup-lantos-judit-ab-concrete-design-1400x788.jpg 1400w, https:\/\/abconcretedesign.com\/wp-content\/uploads\/2019\/05\/hungarian-designers-paperup-lantos-judit-ab-concrete-design-510x287.jpg 510w, https:\/\/abconcretedesign.com\/wp-content\/uploads\/2019\/05\/hungarian-designers-paperup-lantos-judit-ab-concrete-design-711x400.jpg 711w, https:\/\/abconcretedesign.com\/wp-content\/uploads\/2019\/05\/hungarian-designers-paperup-lantos-judit-ab-concrete-design-768x432.jpg 768w, https:\/\/abconcretedesign.com\/wp-content\/uploads\/2019\/05\/hungarian-designers-paperup-lantos-judit-ab-concrete-design-600x338.jpg 600w, https:\/\/abconcretedesign.com\/wp-content\/uploads\/2019\/05\/hungarian-designers-paperup-lantos-judit-ab-concrete-design.jpg 1600w\" sizes=\"auto, (max-width: 1020px) 100vw, 1020px\" \/>\t\t\t\t\t\t\n\t\t\t\t\t<\/div>\n\t\t\t\t\t\t\t\t\n<style>\n#image_88546790 {\n  width: 100%;\n}\n<\/style>\n\t<\/div>\n\t\n<\/div><\/div>\n<div class=\"col grid-col large-6 grid-col-1-2\" ><div class=\"col-inner\">\n\t<div class=\"img has-hover x md-x lg-x y md-y lg-y\" id=\"image_36454371\">\n\t\t\t\t\t\t\t\t<div class=\"img-inner dark\" >\n\t\t\t<img loading=\"lazy\" decoding=\"async\" width=\"1020\" height=\"681\" src=\"https:\/\/abconcretedesign.com\/wp-content\/uploads\/2019\/05\/hungarian-designers-ab-concrete-design-feszek-reszek-pdsign-1198x800.jpg\" class=\"attachment-large size-large\" alt=\"\" srcset=\"https:\/\/abconcretedesign.com\/wp-content\/uploads\/2019\/05\/hungarian-designers-ab-concrete-design-feszek-reszek-pdsign-1198x800.jpg 1198w, https:\/\/abconcretedesign.com\/wp-content\/uploads\/2019\/05\/hungarian-designers-ab-concrete-design-feszek-reszek-pdsign-510x340.jpg 510w, https:\/\/abconcretedesign.com\/wp-content\/uploads\/2019\/05\/hungarian-designers-ab-concrete-design-feszek-reszek-pdsign-599x400.jpg 599w, https:\/\/abconcretedesign.com\/wp-content\/uploads\/2019\/05\/hungarian-designers-ab-concrete-design-feszek-reszek-pdsign-768x513.jpg 768w, https:\/\/abconcretedesign.com\/wp-content\/uploads\/2019\/05\/hungarian-designers-ab-concrete-design-feszek-reszek-pdsign-600x401.jpg 600w, https:\/\/abconcretedesign.com\/wp-content\/uploads\/2019\/05\/hungarian-designers-ab-concrete-design-feszek-reszek-pdsign.jpg 1600w\" sizes=\"auto, (max-width: 1020px) 100vw, 1020px\" \/>\t\t\t\t\t\t\n\t\t\t\t\t<\/div>\n\t\t\t\t\t\t\t\t\n<style>\n#image_36454371 {\n  width: 100%;\n}\n<\/style>\n\t<\/div>\n\t\n<\/div><\/div>\n            <\/div>\n    <style>\n    #banner-grid-930278504 .grid-col-1{height: 600px}\n    #banner-grid-930278504 .grid-col-1-2{height: 300px}\n    #banner-grid-930278504 .grid-col-1-3{height:200px}\n    #banner-grid-930278504 .grid-col-2-3{height: 400px}\n    #banner-grid-930278504 .grid-col-1-4{height: 150px}\n    #banner-grid-930278504 .grid-col-3-4{height: 450px}\n\n\n    \n    \n\n  <\/style>\n    <\/div>\n  \n<div class=\"row\"  id=\"row-37041202\">\n\n\t<div id=\"col-108840348\" class=\"col small-12 large-12\"  >\n\t\t\t\t<div class=\"col-inner\"  >\n\t\t\t\n\t\t\t\n<p>\u00cdgy a vas\u00e1rnap d\u00e9lut\u00e1ni design piknikez\u0151k nem csup\u00e1n ismerkedhettek a m\u00e1rk\u00e1kkal, de k\u00f6zelebbr\u0151l is megismerhett\u00e9k \u0151ket, mik\u00f6zben G\u00f3g Ang\u00e9la tal\u00e1l\u00f3, apr\u00f3 falatk\u00e1ib\u00f3l v\u00e1logathattak.<\/p>\n\t\t<\/div>\n\t\t\t\t\t<\/div>\n\n\t\n<\/div>\n  <div class=\"banner-grid-wrapper\">\n  <div id=\"banner-grid-843131166\" class=\"banner-grid row row-grid row-small\" data-packery-options=\"\">\n                      \n<div class=\"col grid-col large-6 grid-col-1-2\" ><div class=\"col-inner\">\n\t<div class=\"img has-hover x md-x lg-x y md-y lg-y\" id=\"image_427955117\">\n\t\t\t\t\t\t\t\t<div class=\"img-inner dark\" >\n\t\t\t<img loading=\"lazy\" decoding=\"async\" width=\"1020\" height=\"688\" src=\"https:\/\/abconcretedesign.com\/wp-content\/uploads\/2019\/05\/hungarian-design-event-designweek-mohai-balazs-photography-1186x800.jpg\" class=\"attachment-large size-large\" alt=\"\" srcset=\"https:\/\/abconcretedesign.com\/wp-content\/uploads\/2019\/05\/hungarian-design-event-designweek-mohai-balazs-photography-1186x800.jpg 1186w, https:\/\/abconcretedesign.com\/wp-content\/uploads\/2019\/05\/hungarian-design-event-designweek-mohai-balazs-photography-510x344.jpg 510w, https:\/\/abconcretedesign.com\/wp-content\/uploads\/2019\/05\/hungarian-design-event-designweek-mohai-balazs-photography-593x400.jpg 593w, https:\/\/abconcretedesign.com\/wp-content\/uploads\/2019\/05\/hungarian-design-event-designweek-mohai-balazs-photography-768x518.jpg 768w, https:\/\/abconcretedesign.com\/wp-content\/uploads\/2019\/05\/hungarian-design-event-designweek-mohai-balazs-photography-600x405.jpg 600w, https:\/\/abconcretedesign.com\/wp-content\/uploads\/2019\/05\/hungarian-design-event-designweek-mohai-balazs-photography.jpg 1400w\" sizes=\"auto, (max-width: 1020px) 100vw, 1020px\" \/>\t\t\t\t\t\t\n\t\t\t\t\t<\/div>\n\t\t\t\t\t\t\t\t\n<style>\n#image_427955117 {\n  width: 100%;\n}\n<\/style>\n\t<\/div>\n\t\n<\/div><\/div>\n<div class=\"col grid-col large-6 grid-col-1-2\" ><div class=\"col-inner\">\n\t<div class=\"img has-hover x md-x lg-x y md-y lg-y\" id=\"image_260704833\">\n\t\t\t\t\t\t\t\t<div class=\"img-inner dark\" >\n\t\t\t<img loading=\"lazy\" decoding=\"async\" width=\"960\" height=\"634\" src=\"https:\/\/abconcretedesign.com\/wp-content\/uploads\/2019\/05\/designweek-budapest-event-piknik-paperup-gogafood.jpg\" class=\"attachment-large size-large\" alt=\"\" srcset=\"https:\/\/abconcretedesign.com\/wp-content\/uploads\/2019\/05\/designweek-budapest-event-piknik-paperup-gogafood.jpg 960w, https:\/\/abconcretedesign.com\/wp-content\/uploads\/2019\/05\/designweek-budapest-event-piknik-paperup-gogafood-510x337.jpg 510w, https:\/\/abconcretedesign.com\/wp-content\/uploads\/2019\/05\/designweek-budapest-event-piknik-paperup-gogafood-606x400.jpg 606w, https:\/\/abconcretedesign.com\/wp-content\/uploads\/2019\/05\/designweek-budapest-event-piknik-paperup-gogafood-768x507.jpg 768w, https:\/\/abconcretedesign.com\/wp-content\/uploads\/2019\/05\/designweek-budapest-event-piknik-paperup-gogafood-600x396.jpg 600w\" sizes=\"auto, (max-width: 960px) 100vw, 960px\" \/>\t\t\t\t\t\t\n\t\t\t\t\t<\/div>\n\t\t\t\t\t\t\t\t\n<style>\n#image_260704833 {\n  width: 100%;\n}\n<\/style>\n\t<\/div>\n\t\n<\/div><\/div>\n<div class=\"col grid-col large-7 grid-col-1-2\" ><div class=\"col-inner\">\n\t<div class=\"img has-hover x md-x lg-x y md-y lg-y\" id=\"image_1175561285\">\n\t\t\t\t\t\t\t\t<div class=\"img-inner dark\" >\n\t\t\t<img loading=\"lazy\" decoding=\"async\" width=\"960\" height=\"640\" src=\"https:\/\/abconcretedesign.com\/wp-content\/uploads\/2019\/05\/designweek-budapest-official-event-ab-concrete-design-gogafood.jpg\" class=\"attachment-large size-large\" alt=\"\" srcset=\"https:\/\/abconcretedesign.com\/wp-content\/uploads\/2019\/05\/designweek-budapest-official-event-ab-concrete-design-gogafood.jpg 960w, https:\/\/abconcretedesign.com\/wp-content\/uploads\/2019\/05\/designweek-budapest-official-event-ab-concrete-design-gogafood-510x340.jpg 510w, https:\/\/abconcretedesign.com\/wp-content\/uploads\/2019\/05\/designweek-budapest-official-event-ab-concrete-design-gogafood-600x400.jpg 600w, https:\/\/abconcretedesign.com\/wp-content\/uploads\/2019\/05\/designweek-budapest-official-event-ab-concrete-design-gogafood-768x512.jpg 768w\" sizes=\"auto, (max-width: 960px) 100vw, 960px\" \/>\t\t\t\t\t\t\n\t\t\t\t\t<\/div>\n\t\t\t\t\t\t\t\t\n<style>\n#image_1175561285 {\n  width: 100%;\n}\n<\/style>\n\t<\/div>\n\t\n<\/div><\/div>\n<div class=\"col grid-col large-5 grid-col-1-2\" ><div class=\"col-inner\">\n\t<div class=\"img has-hover x md-x lg-x y md-y lg-y\" id=\"image_1792059843\">\n\t\t\t\t\t\t\t\t<div class=\"img-inner dark\" >\n\t\t\t<img loading=\"lazy\" decoding=\"async\" width=\"960\" height=\"638\" src=\"https:\/\/abconcretedesign.com\/wp-content\/uploads\/2019\/05\/designweek-budapest-event-piknik-food-design-gogafood-paperup.jpg\" class=\"attachment-large size-large\" alt=\"\" srcset=\"https:\/\/abconcretedesign.com\/wp-content\/uploads\/2019\/05\/designweek-budapest-event-piknik-food-design-gogafood-paperup.jpg 960w, https:\/\/abconcretedesign.com\/wp-content\/uploads\/2019\/05\/designweek-budapest-event-piknik-food-design-gogafood-paperup-510x339.jpg 510w, https:\/\/abconcretedesign.com\/wp-content\/uploads\/2019\/05\/designweek-budapest-event-piknik-food-design-gogafood-paperup-602x400.jpg 602w, https:\/\/abconcretedesign.com\/wp-content\/uploads\/2019\/05\/designweek-budapest-event-piknik-food-design-gogafood-paperup-768x510.jpg 768w, https:\/\/abconcretedesign.com\/wp-content\/uploads\/2019\/05\/designweek-budapest-event-piknik-food-design-gogafood-paperup-600x399.jpg 600w\" sizes=\"auto, (max-width: 960px) 100vw, 960px\" \/>\t\t\t\t\t\t\n\t\t\t\t\t<\/div>\n\t\t\t\t\t\t\t\t\n<style>\n#image_1792059843 {\n  width: 100%;\n}\n<\/style>\n\t<\/div>\n\t\n<\/div><\/div>\n            <\/div>\n    <style>\n    #banner-grid-843131166 .grid-col-1{height: 600px}\n    #banner-grid-843131166 .grid-col-1-2{height: 300px}\n    #banner-grid-843131166 .grid-col-1-3{height:200px}\n    #banner-grid-843131166 .grid-col-2-3{height: 400px}\n    #banner-grid-843131166 .grid-col-1-4{height: 150px}\n    #banner-grid-843131166 .grid-col-3-4{height: 450px}\n\n\n    \n    \n\n  <\/style>\n    <\/div>\n  \n<div class=\"row\"  id=\"row-1107767022\">\n\n\t<div id=\"col-1854549439\" class=\"col small-12 large-12\"  >\n\t\t\t\t<div class=\"col-inner\"  >\n\t\t\t\n\t\t\t\n\t<div class=\"img has-hover x md-x lg-x y md-y lg-y\" id=\"image_1935677485\">\n\t\t\t\t\t\t\t\t<div class=\"img-inner dark\" >\n\t\t\t<img loading=\"lazy\" decoding=\"async\" width=\"960\" height=\"653\" src=\"https:\/\/abconcretedesign.com\/wp-content\/uploads\/2019\/05\/design-week-budapest-food-design-gogafood-.jpg\" class=\"attachment-large size-large\" alt=\"\" srcset=\"https:\/\/abconcretedesign.com\/wp-content\/uploads\/2019\/05\/design-week-budapest-food-design-gogafood-.jpg 960w, https:\/\/abconcretedesign.com\/wp-content\/uploads\/2019\/05\/design-week-budapest-food-design-gogafood--510x347.jpg 510w, https:\/\/abconcretedesign.com\/wp-content\/uploads\/2019\/05\/design-week-budapest-food-design-gogafood--588x400.jpg 588w, https:\/\/abconcretedesign.com\/wp-content\/uploads\/2019\/05\/design-week-budapest-food-design-gogafood--768x522.jpg 768w, https:\/\/abconcretedesign.com\/wp-content\/uploads\/2019\/05\/design-week-budapest-food-design-gogafood--600x408.jpg 600w\" sizes=\"auto, (max-width: 960px) 100vw, 960px\" \/>\t\t\t\t\t\t\n\t\t\t\t\t<\/div>\n\t\t\t\t\t\t\t\t\n<style>\n#image_1935677485 {\n  width: 100%;\n}\n<\/style>\n\t<\/div>\n\t\n\t\t<\/div>\n\t\t\t\t\t<\/div>\n\n\t\n<\/div>\n<div class=\"row\"  id=\"row-939743454\">\n\n\t<div id=\"col-2032878505\" class=\"col small-12 large-12\"  >\n\t\t\t\t<div class=\"col-inner\"  >\n\t\t\t\n\t\t\t\n<p>A csod\u00e1s d\u00e9lut\u00e1n r\u00e9sztvev\u0151i voltak:<\/p>\n<p>@AB Concrete Design &amp; Gifts \/ @F\u00e9szek R\u00e9szek \/ @Goga Food Design \/ @Hannabi \/ Ker\u00e9kgy\u00e1rt\u00f3 Andr\u00e1s \/ @Lantos Judit Ker\u00e1mia \/ @Paper Up \/ @PDSIGN \/ @S39 Hybrid Design Manufacture \/ Temesi Apol \/ @Ung\u00e1r Fanni\/Design Habit. A fot\u00f3kat k\u00f6sz\u00f6nj\u00fck Mohai Bal\u00e1zsnak!<\/p>\n<div class=\"row\"  id=\"row-1031751543\">\n\n\t<div id=\"col-930399542\" class=\"col small-12 large-12\"  >\n\t\t\t\t<div class=\"col-inner\"  >\n\t\t\t\n\t\t\t\n\t<div class=\"img has-hover x md-x lg-x y md-y lg-y\" id=\"image_1199745700\">\n\t\t\t\t\t\t\t\t<div class=\"img-inner dark\" >\n\t\t\t<img loading=\"lazy\" decoding=\"async\" width=\"1020\" height=\"680\" src=\"https:\/\/abconcretedesign.com\/wp-content\/uploads\/2019\/05\/design-week-budapest-2018-best-hungarian-designers-1200x800.jpg\" class=\"attachment-large size-large\" alt=\"\" srcset=\"https:\/\/abconcretedesign.com\/wp-content\/uploads\/2019\/05\/design-week-budapest-2018-best-hungarian-designers-1200x800.jpg 1200w, https:\/\/abconcretedesign.com\/wp-content\/uploads\/2019\/05\/design-week-budapest-2018-best-hungarian-designers-510x340.jpg 510w, https:\/\/abconcretedesign.com\/wp-content\/uploads\/2019\/05\/design-week-budapest-2018-best-hungarian-designers-600x400.jpg 600w, https:\/\/abconcretedesign.com\/wp-content\/uploads\/2019\/05\/design-week-budapest-2018-best-hungarian-designers-768x512.jpg 768w, https:\/\/abconcretedesign.com\/wp-content\/uploads\/2019\/05\/design-week-budapest-2018-best-hungarian-designers.jpg 1600w\" sizes=\"auto, (max-width: 1020px) 100vw, 1020px\" \/>\t\t\t\t\t\t\n\t\t\t\t\t<\/div>\n\t\t\t\t\t\t\t\t\n<style>\n#image_1199745700 {\n  width: 100%;\n}\n<\/style>\n\t<\/div>\n\t\n\t\t<\/div>\n\t\t\t\t\t<\/div>\n\n\t\n<\/div>\n\t<div class=\"img has-hover x md-x lg-x y md-y lg-y\" id=\"image_1013027975\">\n\t\t\t\t\t\t\t\t<div class=\"img-inner dark\" >\n\t\t\t<img loading=\"lazy\" decoding=\"async\" width=\"1020\" height=\"681\" src=\"https:\/\/abconcretedesign.com\/wp-content\/uploads\/2019\/05\/budapest-designweek-official-event-magyar-design-piknik-1199x800.jpg\" class=\"attachment-large size-large\" alt=\"\" srcset=\"https:\/\/abconcretedesign.com\/wp-content\/uploads\/2019\/05\/budapest-designweek-official-event-magyar-design-piknik-1199x800.jpg 1199w, https:\/\/abconcretedesign.com\/wp-content\/uploads\/2019\/05\/budapest-designweek-official-event-magyar-design-piknik-510x340.jpg 510w, https:\/\/abconcretedesign.com\/wp-content\/uploads\/2019\/05\/budapest-designweek-official-event-magyar-design-piknik-599x400.jpg 599w, https:\/\/abconcretedesign.com\/wp-content\/uploads\/2019\/05\/budapest-designweek-official-event-magyar-design-piknik-768x513.jpg 768w, https:\/\/abconcretedesign.com\/wp-content\/uploads\/2019\/05\/budapest-designweek-official-event-magyar-design-piknik-600x400.jpg 600w, https:\/\/abconcretedesign.com\/wp-content\/uploads\/2019\/05\/budapest-designweek-official-event-magyar-design-piknik.jpg 1600w\" sizes=\"auto, (max-width: 1020px) 100vw, 1020px\" \/>\t\t\t\t\t\t\n\t\t\t\t\t<\/div>\n\t\t\t\t\t\t\t\t\n<style>\n#image_1013027975 {\n  width: 100%;\n}\n<\/style>\n\t<\/div>\n\t\n\t\t<\/div>\n\t\t\t\t\t<\/div>\n\n\t\n<\/div>\n","protected":false},"excerpt":{"rendered":"<p>A MAGYAR DESIGN kezdem\u00e9nyez\u00e9s id\u00e9n is k\u00fcl\u00f6nleges programmal jelentkezett a Design H\u00e9t Budapest keret\u00e9ben. Ez\u00fattal pikniket szerveztek, ahol 11 tervez\u0151vel \u00e9s alkot\u00e1saikkal tal\u00e1lkozhattak az \u00e9rdekl\u0151d\u0151k \u2013 k\u00f6zt\u00fck az AB Concrete Design &amp; Gifts term\u00e9keivel \u00e9s alap\u00edt\u00f3 tervez\u0151j\u00e9vel, Boldog Anit\u00e1val is. A Design H\u00e9t Budapest kihagyhatatlan t\u00e1rsas\u00e1gi esem\u00e9ny\u00e9nek a Fill the Winebox borb\u00e1r adott helyet. A [&#8230;]\n","protected":false},"author":2,"featured_media":4208,"comment_status":"closed","ping_status":"open","sticky":false,"template":"","format":"standard","meta":{"footnotes":""},"categories":[301],"tags":[307,289],"class_list":["post-4323","post","type-post","status-publish","format-standard","has-post-thumbnail","hentry","category-betonnal-kapcsolatos-esemenyek-melyeken-reszt-vettunk","tag-design-het","tag-kiallitas"],"yoast_head":"<!-- This site is optimized with the Yoast SEO Premium plugin v26.2 (Yoast SEO v27.4) - https:\/\/yoast.com\/product\/yoast-seo-premium-wordpress\/ -->\n<title>Magyar Design Piknik a Design H\u00e9t Budapesten &#187; AB Concrete Design<\/title>\n<meta name=\"description\" content=\"A MAGYAR DESIGN kezdem\u00e9nyez\u00e9s id\u00e9n is k\u00fcl\u00f6nleges programmal jelentkezett a Design H\u00e9t Budapest keret\u00e9ben. Ez\u00fattal pikniket szerveztek, ahol 11 tervez\u0151vel \u00e9s alkot\u00e1saikkal tal\u00e1lkozhattak az \u00e9rdekl\u0151d\u0151k.\" \/>\n<meta name=\"robots\" content=\"index, follow, max-snippet:-1, max-image-preview:large, max-video-preview:-1\" \/>\n<link rel=\"canonical\" href=\"https:\/\/abconcretedesign.com\/hu\/magyar-design-piknik-hivatalos-esemeny-budapest-design-het-2018\/\" \/>\n<meta property=\"og:locale\" content=\"hu_HU\" \/>\n<meta property=\"og:type\" content=\"article\" \/>\n<meta property=\"og:title\" content=\"Magyar Design Piknik a Design H\u00e9t Budapesten\" \/>\n<meta property=\"og:description\" content=\"A MAGYAR DESIGN kezdem\u00e9nyez\u00e9s id\u00e9n is k\u00fcl\u00f6nleges programmal jelentkezett a Design H\u00e9t Budapest keret\u00e9ben. Ez\u00fattal pikniket szerveztek, ahol 11 tervez\u0151vel\" \/>\n<meta property=\"og:url\" content=\"https:\/\/abconcretedesign.com\/hu\/magyar-design-piknik-hivatalos-esemeny-budapest-design-het-2018\/\" \/>\n<meta property=\"og:site_name\" content=\"AB Concrete Design\" \/>\n<meta property=\"article:published_time\" content=\"2018-10-10T19:50:48+00:00\" \/>\n<meta property=\"article:modified_time\" content=\"2019-05-08T13:20:56+00:00\" \/>\n<meta property=\"og:image\" content=\"https:\/\/abconcretedesign.com\/wp-content\/uploads\/2019\/05\/hungarian-designers-paperup-lantos-judit-ab-concrete-design.jpg\" \/>\n\t<meta property=\"og:image:width\" content=\"1600\" \/>\n\t<meta property=\"og:image:height\" content=\"900\" \/>\n\t<meta property=\"og:image:type\" content=\"image\/jpeg\" \/>\n<meta name=\"author\" content=\"AB Concrete Design\" \/>\n<meta name=\"twitter:card\" content=\"summary_large_image\" \/>\n<script type=\"application\/ld+json\" class=\"yoast-schema-graph\">{\"@context\":\"https:\\\/\\\/schema.org\",\"@graph\":[{\"@type\":\"Article\",\"@id\":\"https:\\\/\\\/abconcretedesign.com\\\/hu\\\/magyar-design-piknik-hivatalos-esemeny-budapest-design-het-2018\\\/#article\",\"isPartOf\":{\"@id\":\"https:\\\/\\\/abconcretedesign.com\\\/hu\\\/magyar-design-piknik-hivatalos-esemeny-budapest-design-het-2018\\\/\"},\"author\":{\"name\":\"AB Concrete Design\",\"@id\":\"https:\\\/\\\/abconcretedesign.com\\\/hu\\\/#\\\/schema\\\/person\\\/0a8b63622f7b0d0f5f8fee62a4ecc6b5\"},\"headline\":\"Magyar Design Piknik a Design H\u00e9t Budapesten\",\"datePublished\":\"2018-10-10T19:50:48+00:00\",\"dateModified\":\"2019-05-08T13:20:56+00:00\",\"mainEntityOfPage\":{\"@id\":\"https:\\\/\\\/abconcretedesign.com\\\/hu\\\/magyar-design-piknik-hivatalos-esemeny-budapest-design-het-2018\\\/\"},\"wordCount\":331,\"publisher\":{\"@id\":\"https:\\\/\\\/abconcretedesign.com\\\/hu\\\/#organization\"},\"image\":{\"@id\":\"https:\\\/\\\/abconcretedesign.com\\\/hu\\\/magyar-design-piknik-hivatalos-esemeny-budapest-design-het-2018\\\/#primaryimage\"},\"thumbnailUrl\":\"https:\\\/\\\/abconcretedesign.com\\\/wp-content\\\/uploads\\\/2019\\\/05\\\/hungarian-designers-paperup-lantos-judit-ab-concrete-design.jpg\",\"keywords\":[\"design h\u00e9t\",\"ki\u00e1ll\u00edt\u00e1s\"],\"articleSection\":[\"betonnal kapcsolatos esem\u00e9nyek\"],\"inLanguage\":\"hu\"},{\"@type\":\"WebPage\",\"@id\":\"https:\\\/\\\/abconcretedesign.com\\\/hu\\\/magyar-design-piknik-hivatalos-esemeny-budapest-design-het-2018\\\/\",\"url\":\"https:\\\/\\\/abconcretedesign.com\\\/hu\\\/magyar-design-piknik-hivatalos-esemeny-budapest-design-het-2018\\\/\",\"name\":\"Magyar Design Piknik a Design H\u00e9t Budapesten &#187; AB Concrete Design\",\"isPartOf\":{\"@id\":\"https:\\\/\\\/abconcretedesign.com\\\/hu\\\/#website\"},\"primaryImageOfPage\":{\"@id\":\"https:\\\/\\\/abconcretedesign.com\\\/hu\\\/magyar-design-piknik-hivatalos-esemeny-budapest-design-het-2018\\\/#primaryimage\"},\"image\":{\"@id\":\"https:\\\/\\\/abconcretedesign.com\\\/hu\\\/magyar-design-piknik-hivatalos-esemeny-budapest-design-het-2018\\\/#primaryimage\"},\"thumbnailUrl\":\"https:\\\/\\\/abconcretedesign.com\\\/wp-content\\\/uploads\\\/2019\\\/05\\\/hungarian-designers-paperup-lantos-judit-ab-concrete-design.jpg\",\"datePublished\":\"2018-10-10T19:50:48+00:00\",\"dateModified\":\"2019-05-08T13:20:56+00:00\",\"description\":\"A MAGYAR DESIGN kezdem\u00e9nyez\u00e9s id\u00e9n is k\u00fcl\u00f6nleges programmal jelentkezett a Design H\u00e9t Budapest keret\u00e9ben. Ez\u00fattal pikniket szerveztek, ahol 11 tervez\u0151vel \u00e9s alkot\u00e1saikkal tal\u00e1lkozhattak az \u00e9rdekl\u0151d\u0151k.\",\"breadcrumb\":{\"@id\":\"https:\\\/\\\/abconcretedesign.com\\\/hu\\\/magyar-design-piknik-hivatalos-esemeny-budapest-design-het-2018\\\/#breadcrumb\"},\"inLanguage\":\"hu\",\"potentialAction\":[{\"@type\":\"ReadAction\",\"target\":[\"https:\\\/\\\/abconcretedesign.com\\\/hu\\\/magyar-design-piknik-hivatalos-esemeny-budapest-design-het-2018\\\/\"]}]},{\"@type\":\"ImageObject\",\"inLanguage\":\"hu\",\"@id\":\"https:\\\/\\\/abconcretedesign.com\\\/hu\\\/magyar-design-piknik-hivatalos-esemeny-budapest-design-het-2018\\\/#primaryimage\",\"url\":\"https:\\\/\\\/abconcretedesign.com\\\/wp-content\\\/uploads\\\/2019\\\/05\\\/hungarian-designers-paperup-lantos-judit-ab-concrete-design.jpg\",\"contentUrl\":\"https:\\\/\\\/abconcretedesign.com\\\/wp-content\\\/uploads\\\/2019\\\/05\\\/hungarian-designers-paperup-lantos-judit-ab-concrete-design.jpg\",\"width\":1600,\"height\":900},{\"@type\":\"BreadcrumbList\",\"@id\":\"https:\\\/\\\/abconcretedesign.com\\\/hu\\\/magyar-design-piknik-hivatalos-esemeny-budapest-design-het-2018\\\/#breadcrumb\",\"itemListElement\":[{\"@type\":\"ListItem\",\"position\":1,\"name\":\"F\u0151oldal\",\"item\":\"https:\\\/\\\/abconcretedesign.com\\\/hu\\\/\"},{\"@type\":\"ListItem\",\"position\":2,\"name\":\"Magyar Design Piknik a Design H\u00e9t Budapesten\"}]},{\"@type\":\"WebSite\",\"@id\":\"https:\\\/\\\/abconcretedesign.com\\\/hu\\\/#website\",\"url\":\"https:\\\/\\\/abconcretedesign.com\\\/hu\\\/\",\"name\":\"AB Concrete Design and Business Gifts\",\"description\":\"Beton Design T\u00e1rgyak, \u00c9kszer \u00e9s \u00dczleti Aj\u00e1nd\u00e9k, Beton Tr\u00f3fe\u00e1k\",\"publisher\":{\"@id\":\"https:\\\/\\\/abconcretedesign.com\\\/hu\\\/#organization\"},\"potentialAction\":[{\"@type\":\"SearchAction\",\"target\":{\"@type\":\"EntryPoint\",\"urlTemplate\":\"https:\\\/\\\/abconcretedesign.com\\\/hu\\\/?s={search_term_string}\"},\"query-input\":{\"@type\":\"PropertyValueSpecification\",\"valueRequired\":true,\"valueName\":\"search_term_string\"}}],\"inLanguage\":\"hu\"},{\"@type\":\"Organization\",\"@id\":\"https:\\\/\\\/abconcretedesign.com\\\/hu\\\/#organization\",\"name\":\"AB Concrete Design\",\"url\":\"https:\\\/\\\/abconcretedesign.com\\\/hu\\\/\",\"logo\":{\"@type\":\"ImageObject\",\"inLanguage\":\"hu\",\"@id\":\"https:\\\/\\\/abconcretedesign.com\\\/hu\\\/#\\\/schema\\\/logo\\\/image\\\/\",\"url\":\"https:\\\/\\\/abconcretedesign.com\\\/wp-content\\\/uploads\\\/2019\\\/04\\\/ab-concrete-design-logo.jpg\",\"contentUrl\":\"https:\\\/\\\/abconcretedesign.com\\\/wp-content\\\/uploads\\\/2019\\\/04\\\/ab-concrete-design-logo.jpg\",\"width\":351,\"height\":89,\"caption\":\"AB Concrete Design\"},\"image\":{\"@id\":\"https:\\\/\\\/abconcretedesign.com\\\/hu\\\/#\\\/schema\\\/logo\\\/image\\\/\"}},{\"@type\":\"Person\",\"@id\":\"https:\\\/\\\/abconcretedesign.com\\\/hu\\\/#\\\/schema\\\/person\\\/0a8b63622f7b0d0f5f8fee62a4ecc6b5\",\"name\":\"AB Concrete Design\",\"sameAs\":[\"https:\\\/\\\/abconcretedesign.com\"]}]}<\/script>\n<!-- \/ Yoast SEO Premium plugin. -->","yoast_head_json":{"title":"Magyar Design Piknik a Design H\u00e9t Budapesten &#187; AB Concrete Design","description":"A MAGYAR DESIGN kezdem\u00e9nyez\u00e9s id\u00e9n is k\u00fcl\u00f6nleges programmal jelentkezett a Design H\u00e9t Budapest keret\u00e9ben. Ez\u00fattal pikniket szerveztek, ahol 11 tervez\u0151vel \u00e9s alkot\u00e1saikkal tal\u00e1lkozhattak az \u00e9rdekl\u0151d\u0151k.","robots":{"index":"index","follow":"follow","max-snippet":"max-snippet:-1","max-image-preview":"max-image-preview:large","max-video-preview":"max-video-preview:-1"},"canonical":"https:\/\/abconcretedesign.com\/hu\/magyar-design-piknik-hivatalos-esemeny-budapest-design-het-2018\/","og_locale":"hu_HU","og_type":"article","og_title":"Magyar Design Piknik a Design H\u00e9t Budapesten","og_description":"A MAGYAR DESIGN kezdem\u00e9nyez\u00e9s id\u00e9n is k\u00fcl\u00f6nleges programmal jelentkezett a Design H\u00e9t Budapest keret\u00e9ben. Ez\u00fattal pikniket szerveztek, ahol 11 tervez\u0151vel","og_url":"https:\/\/abconcretedesign.com\/hu\/magyar-design-piknik-hivatalos-esemeny-budapest-design-het-2018\/","og_site_name":"AB Concrete Design","article_published_time":"2018-10-10T19:50:48+00:00","article_modified_time":"2019-05-08T13:20:56+00:00","og_image":[{"width":1600,"height":900,"url":"https:\/\/abconcretedesign.com\/wp-content\/uploads\/2019\/05\/hungarian-designers-paperup-lantos-judit-ab-concrete-design.jpg","type":"image\/jpeg"}],"author":"AB Concrete Design","twitter_card":"summary_large_image","schema":{"@context":"https:\/\/schema.org","@graph":[{"@type":"Article","@id":"https:\/\/abconcretedesign.com\/hu\/magyar-design-piknik-hivatalos-esemeny-budapest-design-het-2018\/#article","isPartOf":{"@id":"https:\/\/abconcretedesign.com\/hu\/magyar-design-piknik-hivatalos-esemeny-budapest-design-het-2018\/"},"author":{"name":"AB Concrete Design","@id":"https:\/\/abconcretedesign.com\/hu\/#\/schema\/person\/0a8b63622f7b0d0f5f8fee62a4ecc6b5"},"headline":"Magyar Design Piknik a Design H\u00e9t Budapesten","datePublished":"2018-10-10T19:50:48+00:00","dateModified":"2019-05-08T13:20:56+00:00","mainEntityOfPage":{"@id":"https:\/\/abconcretedesign.com\/hu\/magyar-design-piknik-hivatalos-esemeny-budapest-design-het-2018\/"},"wordCount":331,"publisher":{"@id":"https:\/\/abconcretedesign.com\/hu\/#organization"},"image":{"@id":"https:\/\/abconcretedesign.com\/hu\/magyar-design-piknik-hivatalos-esemeny-budapest-design-het-2018\/#primaryimage"},"thumbnailUrl":"https:\/\/abconcretedesign.com\/wp-content\/uploads\/2019\/05\/hungarian-designers-paperup-lantos-judit-ab-concrete-design.jpg","keywords":["design h\u00e9t","ki\u00e1ll\u00edt\u00e1s"],"articleSection":["betonnal kapcsolatos esem\u00e9nyek"],"inLanguage":"hu"},{"@type":"WebPage","@id":"https:\/\/abconcretedesign.com\/hu\/magyar-design-piknik-hivatalos-esemeny-budapest-design-het-2018\/","url":"https:\/\/abconcretedesign.com\/hu\/magyar-design-piknik-hivatalos-esemeny-budapest-design-het-2018\/","name":"Magyar Design Piknik a Design H\u00e9t Budapesten &#187; AB Concrete Design","isPartOf":{"@id":"https:\/\/abconcretedesign.com\/hu\/#website"},"primaryImageOfPage":{"@id":"https:\/\/abconcretedesign.com\/hu\/magyar-design-piknik-hivatalos-esemeny-budapest-design-het-2018\/#primaryimage"},"image":{"@id":"https:\/\/abconcretedesign.com\/hu\/magyar-design-piknik-hivatalos-esemeny-budapest-design-het-2018\/#primaryimage"},"thumbnailUrl":"https:\/\/abconcretedesign.com\/wp-content\/uploads\/2019\/05\/hungarian-designers-paperup-lantos-judit-ab-concrete-design.jpg","datePublished":"2018-10-10T19:50:48+00:00","dateModified":"2019-05-08T13:20:56+00:00","description":"A MAGYAR DESIGN kezdem\u00e9nyez\u00e9s id\u00e9n is k\u00fcl\u00f6nleges programmal jelentkezett a Design H\u00e9t Budapest keret\u00e9ben. Ez\u00fattal pikniket szerveztek, ahol 11 tervez\u0151vel \u00e9s alkot\u00e1saikkal tal\u00e1lkozhattak az \u00e9rdekl\u0151d\u0151k.","breadcrumb":{"@id":"https:\/\/abconcretedesign.com\/hu\/magyar-design-piknik-hivatalos-esemeny-budapest-design-het-2018\/#breadcrumb"},"inLanguage":"hu","potentialAction":[{"@type":"ReadAction","target":["https:\/\/abconcretedesign.com\/hu\/magyar-design-piknik-hivatalos-esemeny-budapest-design-het-2018\/"]}]},{"@type":"ImageObject","inLanguage":"hu","@id":"https:\/\/abconcretedesign.com\/hu\/magyar-design-piknik-hivatalos-esemeny-budapest-design-het-2018\/#primaryimage","url":"https:\/\/abconcretedesign.com\/wp-content\/uploads\/2019\/05\/hungarian-designers-paperup-lantos-judit-ab-concrete-design.jpg","contentUrl":"https:\/\/abconcretedesign.com\/wp-content\/uploads\/2019\/05\/hungarian-designers-paperup-lantos-judit-ab-concrete-design.jpg","width":1600,"height":900},{"@type":"BreadcrumbList","@id":"https:\/\/abconcretedesign.com\/hu\/magyar-design-piknik-hivatalos-esemeny-budapest-design-het-2018\/#breadcrumb","itemListElement":[{"@type":"ListItem","position":1,"name":"F\u0151oldal","item":"https:\/\/abconcretedesign.com\/hu\/"},{"@type":"ListItem","position":2,"name":"Magyar Design Piknik a Design H\u00e9t Budapesten"}]},{"@type":"WebSite","@id":"https:\/\/abconcretedesign.com\/hu\/#website","url":"https:\/\/abconcretedesign.com\/hu\/","name":"AB Concrete Design and Business Gifts","description":"Beton Design T\u00e1rgyak, \u00c9kszer \u00e9s \u00dczleti Aj\u00e1nd\u00e9k, Beton Tr\u00f3fe\u00e1k","publisher":{"@id":"https:\/\/abconcretedesign.com\/hu\/#organization"},"potentialAction":[{"@type":"SearchAction","target":{"@type":"EntryPoint","urlTemplate":"https:\/\/abconcretedesign.com\/hu\/?s={search_term_string}"},"query-input":{"@type":"PropertyValueSpecification","valueRequired":true,"valueName":"search_term_string"}}],"inLanguage":"hu"},{"@type":"Organization","@id":"https:\/\/abconcretedesign.com\/hu\/#organization","name":"AB Concrete Design","url":"https:\/\/abconcretedesign.com\/hu\/","logo":{"@type":"ImageObject","inLanguage":"hu","@id":"https:\/\/abconcretedesign.com\/hu\/#\/schema\/logo\/image\/","url":"https:\/\/abconcretedesign.com\/wp-content\/uploads\/2019\/04\/ab-concrete-design-logo.jpg","contentUrl":"https:\/\/abconcretedesign.com\/wp-content\/uploads\/2019\/04\/ab-concrete-design-logo.jpg","width":351,"height":89,"caption":"AB Concrete Design"},"image":{"@id":"https:\/\/abconcretedesign.com\/hu\/#\/schema\/logo\/image\/"}},{"@type":"Person","@id":"https:\/\/abconcretedesign.com\/hu\/#\/schema\/person\/0a8b63622f7b0d0f5f8fee62a4ecc6b5","name":"AB Concrete Design","sameAs":["https:\/\/abconcretedesign.com"]}]}},"_links":{"self":[{"href":"https:\/\/abconcretedesign.com\/hu\/wp-json\/wp\/v2\/posts\/4323","targetHints":{"allow":["GET"]}}],"collection":[{"href":"https:\/\/abconcretedesign.com\/hu\/wp-json\/wp\/v2\/posts"}],"about":[{"href":"https:\/\/abconcretedesign.com\/hu\/wp-json\/wp\/v2\/types\/post"}],"author":[{"embeddable":true,"href":"https:\/\/abconcretedesign.com\/hu\/wp-json\/wp\/v2\/users\/2"}],"replies":[{"embeddable":true,"href":"https:\/\/abconcretedesign.com\/hu\/wp-json\/wp\/v2\/comments?post=4323"}],"version-history":[{"count":1,"href":"https:\/\/abconcretedesign.com\/hu\/wp-json\/wp\/v2\/posts\/4323\/revisions"}],"predecessor-version":[{"id":4325,"href":"https:\/\/abconcretedesign.com\/hu\/wp-json\/wp\/v2\/posts\/4323\/revisions\/4325"}],"wp:featuredmedia":[{"embeddable":true,"href":"https:\/\/abconcretedesign.com\/hu\/wp-json\/wp\/v2\/media\/4208"}],"wp:attachment":[{"href":"https:\/\/abconcretedesign.com\/hu\/wp-json\/wp\/v2\/media?parent=4323"}],"wp:term":[{"taxonomy":"category","embeddable":true,"href":"https:\/\/abconcretedesign.com\/hu\/wp-json\/wp\/v2\/categories?post=4323"},{"taxonomy":"post_tag","embeddable":true,"href":"https:\/\/abconcretedesign.com\/hu\/wp-json\/wp\/v2\/tags?post=4323"}],"curies":[{"name":"wp","href":"https:\/\/api.w.org\/{rel}","templated":true}]}}