{"id":37193,"date":"2024-08-02T10:57:40","date_gmt":"2024-08-02T08:57:40","guid":{"rendered":"https:\/\/abconcretedesign.com\/logo-formaju-ceges-dijak-a-specialterv-reszere\/"},"modified":"2025-07-26T16:36:17","modified_gmt":"2025-07-26T14:36:17","slug":"logo-formaju-ceges-dijak-a-specialterv-reszere","status":"publish","type":"post","link":"https:\/\/abconcretedesign.com\/hu\/logo-formaju-ceges-dijak-a-specialterv-reszere\/","title":{"rendered":"Log\u00f3 form\u00e1j\u00fa c\u00e9ges d\u00edjak \u2013 Egyedi tr\u00f3fe\u00e1k a SPECI\u00c1LTERV r\u00e9sz\u00e9re"},"content":{"rendered":"\n<h2><span style=\"font-weight: 400;\">Az egyedi d\u00edjak \u00e9s a c\u00e9ges aj\u00e1nd\u00e9kok tervez\u00e9s\u00e9n\u00e9l is a megrendel\u0151 c\u00e9g arculati elemei, ezen bel\u00fcl is f\u0151k\u00e9nt a c\u00e9g log\u00f3ja adj\u00e1k a kiindul\u00f3pontot sz\u00e1munkra. Vannak olyan esetek, amikor a c\u00e9ges tr\u00f3fea egy az egyben a c\u00e9g log\u00f3j\u00e1nak h\u00e1romdimenzi\u00f3s v\u00e1ltozata, ami \u00edgy volt enn\u00e9l a projektn\u00e9l is. Ez\u00fattal a SPECI\u00c1LTERV Kft.-nek k\u00e9sz\u00edtett\u00fcnk d\u00edjakat, akik a h\u00edd-\u00e9s infrastrukt\u00fara tervez\u00e9si szektor meghat\u00e1roz\u00f3 szerepl\u0151i.  <\/span><\/h2>\n\t<div id=\"gap-334747183\" class=\"gap-element clearfix\" style=\"display:block; height:auto;\">\n\t\t\n<style>\n#gap-334747183 {\n  padding-top: 60px;\n}\n<\/style>\n\t<\/div>\n\t\n\n<p><span style=\"font-weight: 400;\">A <a href=\"https:\/\/www.specialterv.hu\/\">SPECI\u00c1LTERV<\/a> log\u00f3ja szimbolikusan egyszerre jelen\u00edt meg egy h\u00eddszerkezetet (a d\u00edjnyertes <a href=\"https:\/\/www.specialterv.hu\/projects\/bridges\/robinsonbridge\">Robinson gyalogh\u00edd<\/a> form\u00e1j\u00e1ban) \u00e9s egy a v\u00e9gtelenbe tart\u00f3 nyomvonalat \u2013 ezt a komplex szimb\u00f3lumrendszert alak\u00edtottuk \u00e1t beton d\u00edjj\u00e1.<\/span><\/p>\n\t<div class=\"img has-hover x md-x lg-x y md-y lg-y\" id=\"image_1107220989\">\n\t\t\t\t\t\t\t\t<div class=\"img-inner dark\" >\n\t\t\t<img loading=\"lazy\" decoding=\"async\" width=\"1020\" height=\"238\" src=\"https:\/\/abconcretedesign.com\/wp-content\/uploads\/2024\/08\/company-logo-trophy-1400x326.jpg\" class=\"attachment-large size-large\" alt=\"\" srcset=\"https:\/\/abconcretedesign.com\/wp-content\/uploads\/2024\/08\/company-logo-trophy-1400x326.jpg 1400w, https:\/\/abconcretedesign.com\/wp-content\/uploads\/2024\/08\/company-logo-trophy-510x119.jpg 510w, https:\/\/abconcretedesign.com\/wp-content\/uploads\/2024\/08\/company-logo-trophy-800x186.jpg 800w, https:\/\/abconcretedesign.com\/wp-content\/uploads\/2024\/08\/company-logo-trophy-768x179.jpg 768w, https:\/\/abconcretedesign.com\/wp-content\/uploads\/2024\/08\/company-logo-trophy-600x140.jpg 600w, https:\/\/abconcretedesign.com\/wp-content\/uploads\/2024\/08\/company-logo-trophy.jpg 1920w\" sizes=\"auto, (max-width: 1020px) 100vw, 1020px\" \/>\t\t\t\t\t\t\n\t\t\t\t\t<\/div>\n\t\t\t\t\t\t\t\t\n<style>\n#image_1107220989 {\n  width: 100%;\n}\n<\/style>\n\t<\/div>\n\t\n\n\t<div id=\"gap-1790601104\" class=\"gap-element clearfix\" style=\"display:block; height:auto;\">\n\t\t\n<style>\n#gap-1790601104 {\n  padding-top: 30px;\n}\n<\/style>\n\t<\/div>\n\t\n\n<h4><strong>K\u00e9t k\u00fcl\u00f6n alkalomra k\u00e9sz\u00fcltek az egyedi d\u00edjak &#8211; p\u00e1lyakezd\u0151 \u00e9p\u00edt\u0151m\u00e9rn\u00f6k hallgat\u00f3k \u00e9s jubil\u00e1l\u00f3 koll\u00e9g\u00e1k is hazavihett\u00e9k a beton tr\u00f3fe\u00e1kat.<\/strong><\/h4>\n\t<div id=\"gap-1569365961\" class=\"gap-element clearfix\" style=\"display:block; height:auto;\">\n\t\t\n<style>\n#gap-1569365961 {\n  padding-top: 30px;\n}\n<\/style>\n\t<\/div>\n\t\n\n<h3><span style=\"font-weight: 400;\">PROSPECT diplomad\u00edj p\u00e1ly\u00e1zat<\/span><\/h3>\n\t<div id=\"gap-1757224351\" class=\"gap-element clearfix\" style=\"display:block; height:auto;\">\n\t\t\n<style>\n#gap-1757224351 {\n  padding-top: 30px;\n}\n<\/style>\n\t<\/div>\n\t\n\n<p><span style=\"font-weight: 400;\">2023 nyar\u00e1n meghirdett\u00e9k a PROSPECT diplomad\u00edj p\u00e1ly\u00e1zatot v\u00e9gz\u0151s \u00e9s p\u00e1lyakezd\u0151 \u00e9p\u00edt\u0151m\u00e9rn\u00f6k hallgat\u00f3k k\u00f6r\u00e9ben. Az els\u0151 h\u00e1rom helyezettet ismert\u00e9k el egy-egy vil\u00e1gossz\u00fcrke betond\u00edjjal. A beton fel\u00fcletek egy r\u00e9sz\u00e9t arany, ez\u00fcst \u00e9s bronz fest\u00e9ssel sz\u00ednezt\u00fck.  <\/span><\/p>\n\t<div id=\"gap-1546082520\" class=\"gap-element clearfix\" style=\"display:block; height:auto;\">\n\t\t\n<style>\n#gap-1546082520 {\n  padding-top: 30px;\n}\n<\/style>\n\t<\/div>\n\t\n\n<h3>Elismer\u00e9s a jubil\u00e1l\u00f3 koll\u00e9g\u00e1k r\u00e9sz\u00e9re<\/h3>\n\t<div id=\"gap-620256032\" class=\"gap-element clearfix\" style=\"display:block; height:auto;\">\n\t\t\n<style>\n#gap-620256032 {\n  padding-top: 30px;\n}\n<\/style>\n\t<\/div>\n\t\n\n<p><span style=\"font-weight: 400;\">&nbsp;Ugyanabban az \u00e9vben, decemberben a munkat\u00e1rsak is kaptak beton tr\u00f3fe\u00e1kat. A t\u00f6bb mint 20 \u00e9ve a c\u00e9gn\u00e9l dolgoz\u00f3k r\u00e9szes\u00fcltek d\u00edjaz\u00e1sban, n\u00e9vre sz\u00f3l\u00f3 d\u00edjakat vihettek haza az \u00e9v v\u00e9gi vacsor\u00e1r\u00f3l. A s\u00f6t\u00e9tebb \u00e1rnyalat\u00fa beton elemeket v\u00edztiszta akril lemez kapcsolja \u00f6ssze. A bels\u0151 \u00e9lek halv\u00e1ny kr\u00e9m sz\u00ednt kaptak, ezzel az \u00e1rnyalattal jelenik meg a log\u00f3 \u00e9s a koll\u00e9g\u00e1k nevei a t\u00e1rgyakon.   <\/span><\/p>\n<div class=\"row\"  id=\"row-2071015112\">\n\n\n\t<div id=\"col-1651929392\" class=\"col medium-6 small-12 large-6\"  >\n\t\t\t\t<div class=\"col-inner\"  >\n\t\t\t\n\t\t\t\n\n\t<div class=\"img has-hover x md-x lg-x y md-y lg-y\" id=\"image_299865858\">\n\t\t\t\t\t\t\t\t<div class=\"img-inner dark\" >\n\t\t\t<img loading=\"lazy\" decoding=\"async\" width=\"1020\" height=\"765\" src=\"https:\/\/abconcretedesign.com\/wp-content\/uploads\/2024\/08\/trophy-for-architectural-company-1067x800.jpg\" class=\"attachment-large size-large\" alt=\"trophy for architectural company&#039;s collague who celebrates 20th anniversary\" srcset=\"https:\/\/abconcretedesign.com\/wp-content\/uploads\/2024\/08\/trophy-for-architectural-company-1067x800.jpg 1067w, https:\/\/abconcretedesign.com\/wp-content\/uploads\/2024\/08\/trophy-for-architectural-company-510x383.jpg 510w, https:\/\/abconcretedesign.com\/wp-content\/uploads\/2024\/08\/trophy-for-architectural-company-533x400.jpg 533w, https:\/\/abconcretedesign.com\/wp-content\/uploads\/2024\/08\/trophy-for-architectural-company-768x576.jpg 768w, https:\/\/abconcretedesign.com\/wp-content\/uploads\/2024\/08\/trophy-for-architectural-company-600x450.jpg 600w, https:\/\/abconcretedesign.com\/wp-content\/uploads\/2024\/08\/trophy-for-architectural-company.jpg 1920w\" sizes=\"auto, (max-width: 1020px) 100vw, 1020px\" \/>\t\t\t\t\t\t\n\t\t\t\t\t<\/div>\n\t\t\t\t\t\t\t\t\n<style>\n#image_299865858 {\n  width: 100%;\n}\n<\/style>\n\t<\/div>\n\t\n\n\n\t\t<\/div>\n\t\t\t\t\t<\/div>\n\n\t\n\n\t<div id=\"col-1355312022\" class=\"col medium-6 small-12 large-6\"  >\n\t\t\t\t<div class=\"col-inner\"  >\n\t\t\t\n\t\t\t\n\n\t<div class=\"img has-hover x md-x lg-x y md-y lg-y\" id=\"image_1756838578\">\n\t\t\t\t\t\t\t\t<div class=\"img-inner dark\" >\n\t\t\t<img loading=\"lazy\" decoding=\"async\" width=\"1020\" height=\"765\" src=\"https:\/\/abconcretedesign.com\/wp-content\/uploads\/2024\/08\/architectural-award-1067x800.jpg\" class=\"attachment-large size-large\" alt=\"Log\u00f3 form\u00e1j\u00fa c\u00e9ges d\u00edj \u00e9p\u00edt\u00e9sz irod\u00e1nak\" srcset=\"https:\/\/abconcretedesign.com\/wp-content\/uploads\/2024\/08\/architectural-award-1067x800.jpg 1067w, https:\/\/abconcretedesign.com\/wp-content\/uploads\/2024\/08\/architectural-award-510x383.jpg 510w, https:\/\/abconcretedesign.com\/wp-content\/uploads\/2024\/08\/architectural-award-533x400.jpg 533w, https:\/\/abconcretedesign.com\/wp-content\/uploads\/2024\/08\/architectural-award-768x576.jpg 768w, https:\/\/abconcretedesign.com\/wp-content\/uploads\/2024\/08\/architectural-award-600x450.jpg 600w, https:\/\/abconcretedesign.com\/wp-content\/uploads\/2024\/08\/architectural-award.jpg 1920w\" sizes=\"auto, (max-width: 1020px) 100vw, 1020px\" \/>\t\t\t\t\t\t\n\t\t\t\t\t<\/div>\n\t\t\t\t\t\t\t\t\n<style>\n#image_1756838578 {\n  width: 100%;\n}\n<\/style>\n\t<\/div>\n\t\n\n\n\t\t<\/div>\n\t\t\t\t\t<\/div>\n\n\t\n\n<\/div>\n<h3>Mi\u00e9rt k\u00e9sz\u00fcltek pont betonb\u00f3l ezek a d\u00edjak?<\/h3>\n\t<div id=\"gap-812484346\" class=\"gap-element clearfix\" style=\"display:block; height:auto;\">\n\t\t\n<style>\n#gap-812484346 {\n  padding-top: 30px;\n}\n<\/style>\n\t<\/div>\n\t\n\n<p><span style=\"font-weight: 400;\">\u00c9p\u00edt\u0151ipari c\u00e9gek eset\u00e9ben kifejezetten j\u00f3 v\u00e1laszt\u00e1s egy betonb\u00f3l k\u00e9sz\u00fclt eml\u00e9kt\u00e1rgy, hiszen az alapanyag m\u00e1r \u00f6nmag\u00e1ban kapcsol\u00f3dik a c\u00e9g tev\u00e9kenys\u00e9g\u00e9hez. Ezen fel\u00fcl pedig a beton tart\u00f3ss\u00e1ga \u00e9s id\u0151t\u00e1ll\u00f3s\u00e1ga j\u00f3l szimboliz\u00e1lja az er\u0151t, a kitart\u00f3 munk\u00e1t \u00e9s a maradand\u00f3 \u00e9rt\u00e9ket amit a c\u00e9g az \u00e1ltalunk k\u00e9sz\u00edtett d\u00edjakkal elismert. <\/span><\/p>\n\t<div class=\"img has-hover x md-x lg-x y md-y lg-y\" id=\"image_1312549452\">\n\t\t\t\t\t\t\t\t<div class=\"img-inner dark\" >\n\t\t\t<img loading=\"lazy\" decoding=\"async\" width=\"1020\" height=\"765\" src=\"https:\/\/abconcretedesign.com\/wp-content\/uploads\/2024\/08\/trophy-for-architect-employee-1067x800.jpg\" class=\"attachment-large size-large\" alt=\"egyedi tervez\u00e9s\u0171 d\u00edjak \u00e9p\u00edt\u00e9sziroda munkat\u00e1rsainak\" srcset=\"https:\/\/abconcretedesign.com\/wp-content\/uploads\/2024\/08\/trophy-for-architect-employee-1067x800.jpg 1067w, https:\/\/abconcretedesign.com\/wp-content\/uploads\/2024\/08\/trophy-for-architect-employee-510x383.jpg 510w, https:\/\/abconcretedesign.com\/wp-content\/uploads\/2024\/08\/trophy-for-architect-employee-533x400.jpg 533w, https:\/\/abconcretedesign.com\/wp-content\/uploads\/2024\/08\/trophy-for-architect-employee-768x576.jpg 768w, https:\/\/abconcretedesign.com\/wp-content\/uploads\/2024\/08\/trophy-for-architect-employee-600x450.jpg 600w, https:\/\/abconcretedesign.com\/wp-content\/uploads\/2024\/08\/trophy-for-architect-employee.jpg 1920w\" sizes=\"auto, (max-width: 1020px) 100vw, 1020px\" \/>\t\t\t\t\t\t\n\t\t\t\t\t<\/div>\n\t\t\t\t\t\t\t\t\n<style>\n#image_1312549452 {\n  width: 100%;\n}\n<\/style>\n\t<\/div>\n\t\n\n<h3>Az el\u00e9gedett \u00fcgyfelek\u00e9rt dolgozunk<\/h3>\n\t<div id=\"gap-1101534248\" class=\"gap-element clearfix\" style=\"display:block; height:auto;\">\n\t\t\n<style>\n#gap-1101534248 {\n  padding-top: 30px;\n}\n<\/style>\n\t<\/div>\n\t\n\n<p><span style=\"font-weight: 400;\">Nagyon szerett\u00fck ezt a projektet, izgalmas tervez\u0151i feladat \u00e9s kih\u00edv\u00e1s volt a k\u00e9t dimenzi\u00f3s log\u00f3b\u00f3l 3 dimenzi\u00f3s t\u00e1rgyat k\u00e9sz\u00edteni, j\u00f3 volt a Speci\u00e1lterv Kft csapat\u00e1val egy\u00fctt gondolkodni. \u00dcgyfel\u00fcnkt\u0151l is pozit\u00edv visszajelz\u00e9seket kaptunk a k\u00f6z\u00f6s munk\u00e1r\u00f3l:  <\/span><\/p>\n<blockquote>\n<p><span style=\"font-weight: 400;\">\u201c Saj\u00e1t tervez\u00e9si munk\u00e1ink sor\u00e1n nagy hangs\u00falyt fektet\u00fcnk a min\u0151s\u00e9gre, \u00edgy k\u00fcl\u00f6n \u00f6r\u00f6m, ha olyan hazai designerrel tudunk egy\u00fcttm\u0171k\u00f6dni, aki szint\u00e9n tov\u00e1bb er\u0151s\u00edti a hazai tervez\u00e9s sz\u00ednvonal\u00e1t \u00e9s elismerts\u00e9g\u00e9t. \u201d<\/span><\/p>\n<p><span style=\"font-weight: 400;\">\u201c Tavaly kezdt\u00fck meg egy\u00fcttm\u0171k\u00f6d\u00e9s\u00fcnket, az AB Concrete Design csapata rendk\u00edv\u00fcl figyelmes \u00e9s tal\u00e1l\u00e9kony mindamellett, hogy prec\u00edz munk\u00e1t v\u00e9geztek. \u00d6r\u00f6mmel dolgoztunk egy\u00fctt \u00e9s nagyon el\u00e9gedettek voltunk a v\u00e9geredm\u00e9nnyel. \u201d<\/span><\/p>\n<\/blockquote>\n<p><span style=\"font-weight: 400;\">K\u00f6sz\u00f6nj\u00fck a kedves szavakat, \u00f6r\u00fcl\u00fcnk hogy a munk\u00e1nk is benne van a hallgat\u00f3i eredm\u00e9nyek \u00e9s a koll\u00e9g\u00e1k kitart\u00f3 munk\u00e1j\u00e1nak elismer\u00e9s\u00e9ben!<\/span><\/p>\n\t<div id=\"gap-2131034681\" class=\"gap-element clearfix\" style=\"display:block; height:auto;\">\n\t\t\n<style>\n#gap-2131034681 {\n  padding-top: 30px;\n}\n<\/style>\n\t<\/div>\n\t\n\n<h3>Mi\u00e9rt fontos egyedi d\u00edjakkal elismerni a koll\u00e9g\u00e1k munk\u00e1j\u00e1t?<\/h3>\n\t<div id=\"gap-508898405\" class=\"gap-element clearfix\" style=\"display:block; height:auto;\">\n\t\t\n<style>\n#gap-508898405 {\n  padding-top: 30px;\n}\n<\/style>\n\t<\/div>\n\t\n\n<p><span style=\"font-weight: 400;\">Egy v\u00e1llalat sikeress\u00e9g\u00e9t nemcsak a teljes\u00edtett projektek vagy \u00fczleti eredm\u00e9nyek hat\u00e1rozz\u00e1k meg, hanem a m\u00f6g\u00f6tt\u00fck \u00e1ll\u00f3 emberek is. Az, hogy valaki 20 \u00e9ve egy c\u00e9gn\u00e9l dolgozik, komoly elk\u00f6telez\u0151d\u00e9sr\u0151l \u00e9s lojalit\u00e1sr\u00f3l tan\u00faskodik \u2013 amit m\u00e9lt\u00f3 m\u00f3don kell elismerni \u00e9s meg\u00fcnnepelni.  <\/span><span style=\"font-weight: 400;\">Ha a c\u00e9gvezet\u0151 k\u00fcl\u00f6n figyelmet ford\u00edt arra, hogy a t\u00f6meg gy\u00e1rtott tr\u00f3fe\u00e1k helyett, teljesen egyedileg \u00e9s kifejezetten az alkalomra k\u00e9sz\u00edtett <a href=\"https:\/\/abconcretedesign.com\/hu\/beton-dijak-es-trofeak\/\">d\u00edjakat<\/a> adjon \u00e1t, m\u00e1r \u00f6nmag\u00e1ban egy \u0151szinte elismer\u00e9s. Az ilyen <a href=\"https:\/\/abconcretedesign.com\/hu\/uzleti-ajandekok\/\">aj\u00e1nd\u00e9k <\/a>maradand\u00f3 eml\u00e9k marad, m\u00e9lyebb tartalommal, igazi t\u00f6rt\u00e9net lesz m\u00f6g\u00f6tte. <\/span><\/p>\n<p><span style=\"font-weight: 400;\">Az AB Concrete Design csapatak\u00e9nt arra t\u00f6reksz\u00fcnk, hogy a hozz\u00e1nk fordul\u00f3 c\u00e9gek ig\u00e9nyes, szem\u00e9lyre szabott \u00e9s \u00e9rt\u00e9k\u00e1ll\u00f3 d\u00edjakban tudj\u00e1k kifejezni az elismer\u00e9st. Legyen sz\u00f3 jubileumr\u00f3l, bels\u0151 elismer\u00e9sekr\u0151l, egy projekt lez\u00e1r\u00e1s\u00e1r\u00f3l vagy p\u00e1ly\u00e1zati d\u00edjakr\u00f3l \u2013 n\u00e1lunk minden d\u00edj egyedi tervek alapj\u00e1n k\u00e9sz\u00fcl, a megrendel\u0151 \u00e9rt\u00e9krendj\u00e9t \u00e9s vizu\u00e1lis vil\u00e1g\u00e1t t\u00fckr\u00f6zve. <\/span><\/p>\n<div class=\"is-divider divider clearfix\" style=\"max-width:2000px;\"><\/div>\n\n\t<div id=\"gap-1993996148\" class=\"gap-element clearfix\" style=\"display:block; height:auto;\">\n\t\t\n<style>\n#gap-1993996148 {\n  padding-top: 30px;\n}\n<\/style>\n\t<\/div>\n\t\n\n<h2><span style=\"font-weight: 400;\">Milyen alkalomra k\u00e9sz\u00fclhet designer tr\u00f3fea?<\/span><\/h2>\n\t<div id=\"gap-559731297\" class=\"gap-element clearfix\" style=\"display:block; height:auto;\">\n\t\t\n<style>\n#gap-559731297 {\n  padding-top: 30px;\n}\n<\/style>\n\t<\/div>\n\t\n\n<div class=\"row\"  id=\"row-251565699\">\n\n\n\t<div id=\"col-345213772\" class=\"col medium-6 small-12 large-6\"  >\n\t\t\t\t<div class=\"col-inner\"  >\n\t\t\t\n\t\t\t\n\n<h3><span style=\"font-weight: 400;\">Egyedi tr\u00f3fe\u00e1t szinte b\u00e1rmilyen alkalomra \u00e9rdemes k\u00e9sz\u00edteni, ahol a c\u00e9l a megbecs\u00fcl\u00e9s, az eml\u00e9kez\u00e9s vagy egy m\u00e9rf\u00f6ldk\u0151 meg\u00fcnnepl\u00e9se. Legyen sz\u00f3 c\u00e9ges jubileumr\u00f3l, sikeres projekt lez\u00e1r\u00e1s\u00e1r\u00f3l, munkat\u00e1rsak elismer\u00e9s\u00e9r\u0151l, vezet\u0151i aj\u00e1nd\u00e9kr\u00f3l, vagy ak\u00e1r sport- \u00e9s szakmai d\u00edjakr\u00f3l \u2013 mi minden alkalomra maradand\u00f3 \u00e9s egyedi form\u00e1t adunk. <\/span><\/h3>\n\n\t\t<\/div>\n\t\t\t\t\t<\/div>\n\n\t\n\n\t<div id=\"col-1054264551\" class=\"col medium-6 small-12 large-6\"  >\n\t\t\t\t<div class=\"col-inner\"  >\n\t\t\t\n\t\t\t\n\n<div class=\"slider-wrapper relative\" id=\"slider-298060114\" >\n    <div class=\"slider slider-nav-circle slider-nav-large slider-nav-light slider-style-normal\"\n        data-flickity-options='{\n            \"cellAlign\": \"center\",\n            \"imagesLoaded\": true,\n            \"lazyLoad\": 1,\n            \"freeScroll\": false,\n            \"wrapAround\": true,\n            \"autoPlay\": 6000,\n            \"pauseAutoPlayOnHover\" : true,\n            \"prevNextButtons\": true,\n            \"contain\" : true,\n            \"adaptiveHeight\" : true,\n            \"dragThreshold\" : 10,\n            \"percentPosition\": true,\n            \"pageDots\": false,\n            \"rightToLeft\": false,\n            \"draggable\": true,\n            \"selectedAttraction\": 0.1,\n            \"parallax\" : 0,\n            \"friction\": 0.6        }'\n        >\n        \n\n\t<div class=\"img has-hover x md-x lg-x y md-y lg-y\" id=\"image_1651574568\">\n\t\t\t\t\t\t\t\t<div class=\"img-inner dark\" >\n\t\t\t<img loading=\"lazy\" decoding=\"async\" width=\"4484\" height=\"3363\" src=\"https:\/\/abconcretedesign.com\/wp-content\/uploads\/2025\/06\/designer-concrete-trophy-with-lichen.jpg\" class=\"attachment-original size-original\" alt=\"\" srcset=\"https:\/\/abconcretedesign.com\/wp-content\/uploads\/2025\/06\/designer-concrete-trophy-with-lichen.jpg 4484w, https:\/\/abconcretedesign.com\/wp-content\/uploads\/2025\/06\/designer-concrete-trophy-with-lichen-533x400.jpg 533w, https:\/\/abconcretedesign.com\/wp-content\/uploads\/2025\/06\/designer-concrete-trophy-with-lichen-1067x800.jpg 1067w, https:\/\/abconcretedesign.com\/wp-content\/uploads\/2025\/06\/designer-concrete-trophy-with-lichen-768x576.jpg 768w, https:\/\/abconcretedesign.com\/wp-content\/uploads\/2025\/06\/designer-concrete-trophy-with-lichen-510x383.jpg 510w\" sizes=\"auto, (max-width: 4484px) 100vw, 4484px\" \/>\t\t\t\t\t\t\n\t\t\t\t\t<\/div>\n\t\t\t\t\t\t\t\t\n<style>\n#image_1651574568 {\n  width: 100%;\n}\n<\/style>\n\t<\/div>\n\t\n\n\t<div class=\"img has-hover x md-x lg-x y md-y lg-y\" id=\"image_1310893201\">\n\t\t\t\t\t\t\t\t<div class=\"img-inner dark\" >\n\t\t\t<img loading=\"lazy\" decoding=\"async\" width=\"1020\" height=\"765\" src=\"https:\/\/abconcretedesign.com\/wp-content\/uploads\/2025\/07\/colored-custom-concrete-trophy-1067x800.jpg\" class=\"attachment-large size-large\" alt=\"\" srcset=\"https:\/\/abconcretedesign.com\/wp-content\/uploads\/2025\/07\/colored-custom-concrete-trophy-1067x800.jpg 1067w, https:\/\/abconcretedesign.com\/wp-content\/uploads\/2025\/07\/colored-custom-concrete-trophy-533x400.jpg 533w, https:\/\/abconcretedesign.com\/wp-content\/uploads\/2025\/07\/colored-custom-concrete-trophy-768x576.jpg 768w, https:\/\/abconcretedesign.com\/wp-content\/uploads\/2025\/07\/colored-custom-concrete-trophy-510x382.jpg 510w\" sizes=\"auto, (max-width: 1020px) 100vw, 1020px\" \/>\t\t\t\t\t\t\n\t\t\t\t\t<\/div>\n\t\t\t\t\t\t\t\t\n<style>\n#image_1310893201 {\n  width: 100%;\n}\n<\/style>\n\t<\/div>\n\t\n\n\t<div class=\"img has-hover x md-x lg-x y md-y lg-y\" id=\"image_233324002\">\n\t\t\t\t\t\t\t\t<div class=\"img-inner dark\" >\n\t\t\t<img loading=\"lazy\" decoding=\"async\" width=\"1020\" height=\"765\" src=\"https:\/\/abconcretedesign.com\/wp-content\/uploads\/2025\/05\/wood-concrete-custom-award-1066x800.jpg\" class=\"attachment-large size-large\" alt=\"\" srcset=\"https:\/\/abconcretedesign.com\/wp-content\/uploads\/2025\/05\/wood-concrete-custom-award-1066x800.jpg 1066w, https:\/\/abconcretedesign.com\/wp-content\/uploads\/2025\/05\/wood-concrete-custom-award-510x383.jpg 510w, https:\/\/abconcretedesign.com\/wp-content\/uploads\/2025\/05\/wood-concrete-custom-award-533x400.jpg 533w, https:\/\/abconcretedesign.com\/wp-content\/uploads\/2025\/05\/wood-concrete-custom-award-768x576.jpg 768w, https:\/\/abconcretedesign.com\/wp-content\/uploads\/2025\/05\/wood-concrete-custom-award-600x450.jpg 600w, https:\/\/abconcretedesign.com\/wp-content\/uploads\/2025\/05\/wood-concrete-custom-award.jpg 1600w\" sizes=\"auto, (max-width: 1020px) 100vw, 1020px\" \/>\t\t\t\t\t\t\n\t\t\t\t\t<\/div>\n\t\t\t\t\t\t\t\t\n<style>\n#image_233324002 {\n  width: 100%;\n}\n<\/style>\n\t<\/div>\n\t\n\n\t<div class=\"img has-hover x md-x lg-x y md-y lg-y\" id=\"image_151312958\">\n\t\t\t\t\t\t\t\t<div class=\"img-inner dark\" >\n\t\t\t<img loading=\"lazy\" decoding=\"async\" width=\"1020\" height=\"765\" src=\"https:\/\/abconcretedesign.com\/wp-content\/uploads\/2025\/05\/awards-for-dog-conference-1-1067x800.jpg\" class=\"attachment-large size-large\" alt=\"\" srcset=\"https:\/\/abconcretedesign.com\/wp-content\/uploads\/2025\/05\/awards-for-dog-conference-1-1067x800.jpg 1067w, https:\/\/abconcretedesign.com\/wp-content\/uploads\/2025\/05\/awards-for-dog-conference-1-510x383.jpg 510w, https:\/\/abconcretedesign.com\/wp-content\/uploads\/2025\/05\/awards-for-dog-conference-1-533x400.jpg 533w, https:\/\/abconcretedesign.com\/wp-content\/uploads\/2025\/05\/awards-for-dog-conference-1-768x576.jpg 768w, https:\/\/abconcretedesign.com\/wp-content\/uploads\/2025\/05\/awards-for-dog-conference-1-600x450.jpg 600w, https:\/\/abconcretedesign.com\/wp-content\/uploads\/2025\/05\/awards-for-dog-conference-1.jpg 1920w\" sizes=\"auto, (max-width: 1020px) 100vw, 1020px\" \/>\t\t\t\t\t\t\n\t\t\t\t\t<\/div>\n\t\t\t\t\t\t\t\t\n<style>\n#image_151312958 {\n  width: 100%;\n}\n<\/style>\n\t<\/div>\n\t\n\n\t<div class=\"img has-hover x md-x lg-x y md-y lg-y\" id=\"image_518588608\">\n\t\t\t\t\t\t\t\t<div class=\"img-inner dark\" >\n\t\t\t<img loading=\"lazy\" decoding=\"async\" width=\"1020\" height=\"765\" src=\"https:\/\/abconcretedesign.com\/wp-content\/uploads\/2023\/03\/IMG_5853-2F-1-1067x800.jpg\" class=\"attachment-large size-large\" alt=\"concrete trophy\" srcset=\"https:\/\/abconcretedesign.com\/wp-content\/uploads\/2023\/03\/IMG_5853-2F-1-1067x800.jpg 1067w, https:\/\/abconcretedesign.com\/wp-content\/uploads\/2023\/03\/IMG_5853-2F-1-510x383.jpg 510w, https:\/\/abconcretedesign.com\/wp-content\/uploads\/2023\/03\/IMG_5853-2F-1-533x400.jpg 533w, https:\/\/abconcretedesign.com\/wp-content\/uploads\/2023\/03\/IMG_5853-2F-1-768x576.jpg 768w, https:\/\/abconcretedesign.com\/wp-content\/uploads\/2023\/03\/IMG_5853-2F-1-600x450.jpg 600w, https:\/\/abconcretedesign.com\/wp-content\/uploads\/2023\/03\/IMG_5853-2F-1.jpg 1920w\" sizes=\"auto, (max-width: 1020px) 100vw, 1020px\" \/>\t\t\t\t\t\t\n\t\t\t\t\t<\/div>\n\t\t\t\t\t\t\t\t\n<style>\n#image_518588608 {\n  width: 100%;\n}\n<\/style>\n\t<\/div>\n\t\n\n\t<div class=\"img has-hover x md-x lg-x y md-y lg-y\" id=\"image_1354854907\">\n\t\t\t\t\t\t\t\t<div class=\"img-inner dark\" >\n\t\t\t<img loading=\"lazy\" decoding=\"async\" width=\"1020\" height=\"765\" src=\"https:\/\/abconcretedesign.com\/wp-content\/uploads\/2024\/08\/forbes-power-women-2024-awards-1067x800.jpg\" class=\"attachment-large size-large\" alt=\"\" srcset=\"https:\/\/abconcretedesign.com\/wp-content\/uploads\/2024\/08\/forbes-power-women-2024-awards-1067x800.jpg 1067w, https:\/\/abconcretedesign.com\/wp-content\/uploads\/2024\/08\/forbes-power-women-2024-awards-510x383.jpg 510w, https:\/\/abconcretedesign.com\/wp-content\/uploads\/2024\/08\/forbes-power-women-2024-awards-533x400.jpg 533w, https:\/\/abconcretedesign.com\/wp-content\/uploads\/2024\/08\/forbes-power-women-2024-awards-768x576.jpg 768w, https:\/\/abconcretedesign.com\/wp-content\/uploads\/2024\/08\/forbes-power-women-2024-awards-600x450.jpg 600w, https:\/\/abconcretedesign.com\/wp-content\/uploads\/2024\/08\/forbes-power-women-2024-awards.jpg 1920w\" sizes=\"auto, (max-width: 1020px) 100vw, 1020px\" \/>\t\t\t\t\t\t\n\t\t\t\t\t<\/div>\n\t\t\t\t\t\t\t\t\n<style>\n#image_1354854907 {\n  width: 100%;\n}\n<\/style>\n\t<\/div>\n\t\n\n\t<div class=\"img has-hover x md-x lg-x y md-y lg-y\" id=\"image_1987486596\">\n\t\t\t\t\t\t\t\t<div class=\"img-inner dark\" >\n\t\t\t<img loading=\"lazy\" decoding=\"async\" width=\"1920\" height=\"1440\" src=\"https:\/\/abconcretedesign.com\/wp-content\/uploads\/2024\/02\/wood-concrete-custom-trophy-giftbox.jpg\" class=\"attachment-original size-original\" alt=\"d\u00edjtervez\u00e9s egyedileg d\u00edszdobozzal\" srcset=\"https:\/\/abconcretedesign.com\/wp-content\/uploads\/2024\/02\/wood-concrete-custom-trophy-giftbox.jpg 1920w, https:\/\/abconcretedesign.com\/wp-content\/uploads\/2024\/02\/wood-concrete-custom-trophy-giftbox-510x383.jpg 510w, https:\/\/abconcretedesign.com\/wp-content\/uploads\/2024\/02\/wood-concrete-custom-trophy-giftbox-533x400.jpg 533w, https:\/\/abconcretedesign.com\/wp-content\/uploads\/2024\/02\/wood-concrete-custom-trophy-giftbox-1067x800.jpg 1067w, https:\/\/abconcretedesign.com\/wp-content\/uploads\/2024\/02\/wood-concrete-custom-trophy-giftbox-768x576.jpg 768w, https:\/\/abconcretedesign.com\/wp-content\/uploads\/2024\/02\/wood-concrete-custom-trophy-giftbox-600x450.jpg 600w\" sizes=\"auto, (max-width: 1920px) 100vw, 1920px\" \/>\t\t\t\t\t\t\n\t\t\t\t\t<\/div>\n\t\t\t\t\t\t\t\t\n<style>\n#image_1987486596 {\n  width: 100%;\n}\n<\/style>\n\t<\/div>\n\t\n\n\n     <\/div>\n\n     <div class=\"loading-spin dark large centered\"><\/div>\n\n\t<\/div>\n\n\n\n\t\t<\/div>\n\t\t\t\t\t<\/div>\n\n\t\n\n<\/div>\n<p><span style=\"font-weight: 400;\">A tr\u00f3fe\u00e1kat \u00e9s d\u00edjt\u00e1rgyakat minden esetben k\u00f6z\u00f6sen \u00e1lmodjuk meg \u00fcgyfeleinkkel. Seg\u00edt\u00fcnk form\u00e1ba \u00f6nteni az \u00f6tleteket \u2013 sz\u00f3 szerint. A tervez\u0151i kreativit\u00e1s, a k\u00fcl\u00f6nb\u00f6z\u0151 gy\u00e1rt\u00e1stechnol\u00f3gi\u00e1kban \u00e9s anyagt\u00e1rs\u00edt\u00e1sokban szerzett tapasztalat valamint a hozz\u00e1adott design \u00e9rt\u00e9k teszi t\u00e1rgyainkat k\u00fcl\u00f6nlegess\u00e9.   <\/span><span style=\"font-weight: 400;\">Az AB Concrete Design d\u00edjai pr\u00e9mium min\u0151s\u00e9g\u0171 betonb\u00f3l k\u00e9sz\u00fclnek, de gyakran \u00f6tv\u00f6zz\u00fck \u0151ket f\u00e9mmel, f\u00e1val, akrillal, haszn\u00e1ljuk a megrendel\u0151 c\u00e9g arculati elemeit, sz\u00edneit \u00edgy minden darab egyszeri \u00e9s eml\u00e9kezetes.<\/span><\/p>\n<p><a href=\"https:\/\/abconcretedesign.com\/hu\/beton-dijak-es-trofeak\/\"><span style=\"font-weight: 400;\">Tudj meg t\u00f6bbet egyedi tr\u00f3fe\u00e1inkr\u00f3l!<\/span><\/a><\/p>\n\t<div id=\"gap-1421678239\" class=\"gap-element clearfix\" style=\"display:block; height:auto;\">\n\t\t\n<style>\n#gap-1421678239 {\n  padding-top: 30px;\n}\n<\/style>\n\t<\/div>\n\t\n\n<p><\/p>\n","protected":false},"excerpt":{"rendered":"","protected":false},"author":2,"featured_media":37168,"comment_status":"closed","ping_status":"open","sticky":false,"template":"","format":"standard","meta":{"footnotes":""},"categories":[284,162,150],"tags":[433,434,450,287,454,452,451,453,438,435],"class_list":["post-37193","post","type-post","status-publish","format-standard","has-post-thumbnail","hentry","category-beton-trofeak-dijak","category-beton-ajandekok-cegek-reszere","category-cegajandek-egyedi-logoval","tag-acrylic-hu-2","tag-award-hu-2","tag-beton","tag-ceges-arculat","tag-ceges-arculat-hu","tag-evfordulo","tag-jubileum","tag-logo-hu","tag-trophy-hu-2","tag-unique-hu-2"],"yoast_head":"<!-- This site is optimized with the Yoast SEO Premium plugin v26.2 (Yoast SEO v27.4) - https:\/\/yoast.com\/product\/yoast-seo-premium-wordpress\/ -->\n<title>Log\u00f3 form\u00e1j\u00fa c\u00e9ges d\u00edjak \u2013 Egyedi tr\u00f3fe\u00e1k a SPECI\u00c1LTERV r\u00e9sz\u00e9re &#187; AB Concrete Design<\/title>\n<meta name=\"description\" content=\"Log\u00f3 form\u00e1j\u00fa c\u00e9ges tr\u00f3fae betonb\u00f3l. Egyedi beton d\u00edjak a Speci\u00e1lterv Kft jubil\u00e1l\u00f3 munkat\u00e1rsai r\u00e9sz\u00e9re.\" \/>\n<meta name=\"robots\" content=\"index, follow, max-snippet:-1, max-image-preview:large, max-video-preview:-1\" \/>\n<link rel=\"canonical\" href=\"https:\/\/abconcretedesign.com\/hu\/logo-formaju-ceges-dijak-a-specialterv-reszere\/\" \/>\n<meta property=\"og:locale\" content=\"hu_HU\" \/>\n<meta property=\"og:type\" content=\"article\" \/>\n<meta property=\"og:title\" content=\"Log\u00f3 form\u00e1j\u00fa c\u00e9ges d\u00edjak \u2013 Egyedi tr\u00f3fe\u00e1k a SPECI\u00c1LTERV r\u00e9sz\u00e9re\" \/>\n<meta property=\"og:description\" content=\"Az egyedi d\u00edjak \u00e9s a c\u00e9ges aj\u00e1nd\u00e9kok tervez\u00e9s\u00e9n\u00e9l is a megrendel\u0151 c\u00e9g arculati elemei, ezen bel\u00fcl is f\u0151k\u00e9nt a c\u00e9g log\u00f3ja adj\u00e1k a kiindul\u00f3pontot sz\u00e1munkra.\" \/>\n<meta property=\"og:url\" content=\"https:\/\/abconcretedesign.com\/hu\/logo-formaju-ceges-dijak-a-specialterv-reszere\/\" \/>\n<meta property=\"og:site_name\" content=\"AB Concrete Design\" \/>\n<meta property=\"article:published_time\" content=\"2024-08-02T08:57:40+00:00\" \/>\n<meta property=\"article:modified_time\" content=\"2025-07-26T14:36:17+00:00\" \/>\n<meta property=\"og:image\" content=\"https:\/\/abconcretedesign.com\/wp-content\/uploads\/2024\/08\/IMG_6780.jpeg\" \/>\n\t<meta property=\"og:image:width\" content=\"1920\" \/>\n\t<meta property=\"og:image:height\" content=\"1440\" \/>\n\t<meta property=\"og:image:type\" content=\"image\/jpeg\" \/>\n<meta name=\"author\" content=\"AB Concrete Design\" \/>\n<meta name=\"twitter:card\" content=\"summary_large_image\" \/>\n<script type=\"application\/ld+json\" class=\"yoast-schema-graph\">{\"@context\":\"https:\\\/\\\/schema.org\",\"@graph\":[{\"@type\":\"Article\",\"@id\":\"https:\\\/\\\/abconcretedesign.com\\\/hu\\\/logo-formaju-ceges-dijak-a-specialterv-reszere\\\/#article\",\"isPartOf\":{\"@id\":\"https:\\\/\\\/abconcretedesign.com\\\/hu\\\/logo-formaju-ceges-dijak-a-specialterv-reszere\\\/\"},\"author\":{\"name\":\"AB Concrete Design\",\"@id\":\"https:\\\/\\\/abconcretedesign.com\\\/hu\\\/#\\\/schema\\\/person\\\/0a8b63622f7b0d0f5f8fee62a4ecc6b5\"},\"headline\":\"Log\u00f3 form\u00e1j\u00fa c\u00e9ges d\u00edjak \u2013 Egyedi tr\u00f3fe\u00e1k a SPECI\u00c1LTERV r\u00e9sz\u00e9re\",\"datePublished\":\"2024-08-02T08:57:40+00:00\",\"dateModified\":\"2025-07-26T14:36:17+00:00\",\"mainEntityOfPage\":{\"@id\":\"https:\\\/\\\/abconcretedesign.com\\\/hu\\\/logo-formaju-ceges-dijak-a-specialterv-reszere\\\/\"},\"wordCount\":895,\"publisher\":{\"@id\":\"https:\\\/\\\/abconcretedesign.com\\\/hu\\\/#organization\"},\"image\":{\"@id\":\"https:\\\/\\\/abconcretedesign.com\\\/hu\\\/logo-formaju-ceges-dijak-a-specialterv-reszere\\\/#primaryimage\"},\"thumbnailUrl\":\"https:\\\/\\\/abconcretedesign.com\\\/wp-content\\\/uploads\\\/2024\\\/08\\\/IMG_6780.jpeg\",\"keywords\":[\"acrylic\",\"award\",\"beton\",\"c\u00e9ges arculat\",\"c\u00e9ges arculat\",\"\u00e9vfordul\u00f3\",\"jubileum\",\"log\u00f3\",\"trophy\",\"unique\"],\"articleSection\":[\"beton tr\u00f3fe\u00e1k &amp; d\u00edjak\",\"c\u00e9ges aj\u00e1nd\u00e9koz\u00e1s\",\"log\u00f3zott c\u00e9gaj\u00e1nd\u00e9kok\"],\"inLanguage\":\"hu\"},{\"@type\":\"WebPage\",\"@id\":\"https:\\\/\\\/abconcretedesign.com\\\/hu\\\/logo-formaju-ceges-dijak-a-specialterv-reszere\\\/\",\"url\":\"https:\\\/\\\/abconcretedesign.com\\\/hu\\\/logo-formaju-ceges-dijak-a-specialterv-reszere\\\/\",\"name\":\"Log\u00f3 form\u00e1j\u00fa c\u00e9ges d\u00edjak \u2013 Egyedi tr\u00f3fe\u00e1k a SPECI\u00c1LTERV r\u00e9sz\u00e9re &#187; AB Concrete Design\",\"isPartOf\":{\"@id\":\"https:\\\/\\\/abconcretedesign.com\\\/hu\\\/#website\"},\"primaryImageOfPage\":{\"@id\":\"https:\\\/\\\/abconcretedesign.com\\\/hu\\\/logo-formaju-ceges-dijak-a-specialterv-reszere\\\/#primaryimage\"},\"image\":{\"@id\":\"https:\\\/\\\/abconcretedesign.com\\\/hu\\\/logo-formaju-ceges-dijak-a-specialterv-reszere\\\/#primaryimage\"},\"thumbnailUrl\":\"https:\\\/\\\/abconcretedesign.com\\\/wp-content\\\/uploads\\\/2024\\\/08\\\/IMG_6780.jpeg\",\"datePublished\":\"2024-08-02T08:57:40+00:00\",\"dateModified\":\"2025-07-26T14:36:17+00:00\",\"description\":\"Log\u00f3 form\u00e1j\u00fa c\u00e9ges tr\u00f3fae betonb\u00f3l. Egyedi beton d\u00edjak a Speci\u00e1lterv Kft jubil\u00e1l\u00f3 munkat\u00e1rsai r\u00e9sz\u00e9re.\",\"breadcrumb\":{\"@id\":\"https:\\\/\\\/abconcretedesign.com\\\/hu\\\/logo-formaju-ceges-dijak-a-specialterv-reszere\\\/#breadcrumb\"},\"inLanguage\":\"hu\",\"potentialAction\":[{\"@type\":\"ReadAction\",\"target\":[\"https:\\\/\\\/abconcretedesign.com\\\/hu\\\/logo-formaju-ceges-dijak-a-specialterv-reszere\\\/\"]}]},{\"@type\":\"ImageObject\",\"inLanguage\":\"hu\",\"@id\":\"https:\\\/\\\/abconcretedesign.com\\\/hu\\\/logo-formaju-ceges-dijak-a-specialterv-reszere\\\/#primaryimage\",\"url\":\"https:\\\/\\\/abconcretedesign.com\\\/wp-content\\\/uploads\\\/2024\\\/08\\\/IMG_6780.jpeg\",\"contentUrl\":\"https:\\\/\\\/abconcretedesign.com\\\/wp-content\\\/uploads\\\/2024\\\/08\\\/IMG_6780.jpeg\",\"width\":1920,\"height\":1440,\"caption\":\"Speci\u00e1lterv Kft munkat\u00e1rsai sz\u00e1m\u00e1ra egyedi tervez\u00e9s\u0171 d\u00edjakat gy\u00e1rtottunk\"},{\"@type\":\"BreadcrumbList\",\"@id\":\"https:\\\/\\\/abconcretedesign.com\\\/hu\\\/logo-formaju-ceges-dijak-a-specialterv-reszere\\\/#breadcrumb\",\"itemListElement\":[{\"@type\":\"ListItem\",\"position\":1,\"name\":\"F\u0151oldal\",\"item\":\"https:\\\/\\\/abconcretedesign.com\\\/hu\\\/\"},{\"@type\":\"ListItem\",\"position\":2,\"name\":\"Log\u00f3 form\u00e1j\u00fa c\u00e9ges d\u00edjak \u2013 Egyedi tr\u00f3fe\u00e1k a SPECI\u00c1LTERV r\u00e9sz\u00e9re\"}]},{\"@type\":\"WebSite\",\"@id\":\"https:\\\/\\\/abconcretedesign.com\\\/hu\\\/#website\",\"url\":\"https:\\\/\\\/abconcretedesign.com\\\/hu\\\/\",\"name\":\"AB Concrete Design and Business Gifts\",\"description\":\"Beton Design T\u00e1rgyak, \u00c9kszer \u00e9s \u00dczleti Aj\u00e1nd\u00e9k, Beton Tr\u00f3fe\u00e1k\",\"publisher\":{\"@id\":\"https:\\\/\\\/abconcretedesign.com\\\/hu\\\/#organization\"},\"potentialAction\":[{\"@type\":\"SearchAction\",\"target\":{\"@type\":\"EntryPoint\",\"urlTemplate\":\"https:\\\/\\\/abconcretedesign.com\\\/hu\\\/?s={search_term_string}\"},\"query-input\":{\"@type\":\"PropertyValueSpecification\",\"valueRequired\":true,\"valueName\":\"search_term_string\"}}],\"inLanguage\":\"hu\"},{\"@type\":\"Organization\",\"@id\":\"https:\\\/\\\/abconcretedesign.com\\\/hu\\\/#organization\",\"name\":\"AB Concrete Design\",\"url\":\"https:\\\/\\\/abconcretedesign.com\\\/hu\\\/\",\"logo\":{\"@type\":\"ImageObject\",\"inLanguage\":\"hu\",\"@id\":\"https:\\\/\\\/abconcretedesign.com\\\/hu\\\/#\\\/schema\\\/logo\\\/image\\\/\",\"url\":\"https:\\\/\\\/abconcretedesign.com\\\/wp-content\\\/uploads\\\/2019\\\/04\\\/ab-concrete-design-logo.jpg\",\"contentUrl\":\"https:\\\/\\\/abconcretedesign.com\\\/wp-content\\\/uploads\\\/2019\\\/04\\\/ab-concrete-design-logo.jpg\",\"width\":351,\"height\":89,\"caption\":\"AB Concrete Design\"},\"image\":{\"@id\":\"https:\\\/\\\/abconcretedesign.com\\\/hu\\\/#\\\/schema\\\/logo\\\/image\\\/\"}},{\"@type\":\"Person\",\"@id\":\"https:\\\/\\\/abconcretedesign.com\\\/hu\\\/#\\\/schema\\\/person\\\/0a8b63622f7b0d0f5f8fee62a4ecc6b5\",\"name\":\"AB Concrete Design\",\"sameAs\":[\"https:\\\/\\\/abconcretedesign.com\"]}]}<\/script>\n<!-- \/ Yoast SEO Premium plugin. -->","yoast_head_json":{"title":"Log\u00f3 form\u00e1j\u00fa c\u00e9ges d\u00edjak \u2013 Egyedi tr\u00f3fe\u00e1k a SPECI\u00c1LTERV r\u00e9sz\u00e9re &#187; AB Concrete Design","description":"Log\u00f3 form\u00e1j\u00fa c\u00e9ges tr\u00f3fae betonb\u00f3l. Egyedi beton d\u00edjak a Speci\u00e1lterv Kft jubil\u00e1l\u00f3 munkat\u00e1rsai r\u00e9sz\u00e9re.","robots":{"index":"index","follow":"follow","max-snippet":"max-snippet:-1","max-image-preview":"max-image-preview:large","max-video-preview":"max-video-preview:-1"},"canonical":"https:\/\/abconcretedesign.com\/hu\/logo-formaju-ceges-dijak-a-specialterv-reszere\/","og_locale":"hu_HU","og_type":"article","og_title":"Log\u00f3 form\u00e1j\u00fa c\u00e9ges d\u00edjak \u2013 Egyedi tr\u00f3fe\u00e1k a SPECI\u00c1LTERV r\u00e9sz\u00e9re","og_description":"Az egyedi d\u00edjak \u00e9s a c\u00e9ges aj\u00e1nd\u00e9kok tervez\u00e9s\u00e9n\u00e9l is a megrendel\u0151 c\u00e9g arculati elemei, ezen bel\u00fcl is f\u0151k\u00e9nt a c\u00e9g log\u00f3ja adj\u00e1k a kiindul\u00f3pontot sz\u00e1munkra.","og_url":"https:\/\/abconcretedesign.com\/hu\/logo-formaju-ceges-dijak-a-specialterv-reszere\/","og_site_name":"AB Concrete Design","article_published_time":"2024-08-02T08:57:40+00:00","article_modified_time":"2025-07-26T14:36:17+00:00","og_image":[{"width":1920,"height":1440,"url":"https:\/\/abconcretedesign.com\/wp-content\/uploads\/2024\/08\/IMG_6780.jpeg","type":"image\/jpeg"}],"author":"AB Concrete Design","twitter_card":"summary_large_image","schema":{"@context":"https:\/\/schema.org","@graph":[{"@type":"Article","@id":"https:\/\/abconcretedesign.com\/hu\/logo-formaju-ceges-dijak-a-specialterv-reszere\/#article","isPartOf":{"@id":"https:\/\/abconcretedesign.com\/hu\/logo-formaju-ceges-dijak-a-specialterv-reszere\/"},"author":{"name":"AB Concrete Design","@id":"https:\/\/abconcretedesign.com\/hu\/#\/schema\/person\/0a8b63622f7b0d0f5f8fee62a4ecc6b5"},"headline":"Log\u00f3 form\u00e1j\u00fa c\u00e9ges d\u00edjak \u2013 Egyedi tr\u00f3fe\u00e1k a SPECI\u00c1LTERV r\u00e9sz\u00e9re","datePublished":"2024-08-02T08:57:40+00:00","dateModified":"2025-07-26T14:36:17+00:00","mainEntityOfPage":{"@id":"https:\/\/abconcretedesign.com\/hu\/logo-formaju-ceges-dijak-a-specialterv-reszere\/"},"wordCount":895,"publisher":{"@id":"https:\/\/abconcretedesign.com\/hu\/#organization"},"image":{"@id":"https:\/\/abconcretedesign.com\/hu\/logo-formaju-ceges-dijak-a-specialterv-reszere\/#primaryimage"},"thumbnailUrl":"https:\/\/abconcretedesign.com\/wp-content\/uploads\/2024\/08\/IMG_6780.jpeg","keywords":["acrylic","award","beton","c\u00e9ges arculat","c\u00e9ges arculat","\u00e9vfordul\u00f3","jubileum","log\u00f3","trophy","unique"],"articleSection":["beton tr\u00f3fe\u00e1k &amp; d\u00edjak","c\u00e9ges aj\u00e1nd\u00e9koz\u00e1s","log\u00f3zott c\u00e9gaj\u00e1nd\u00e9kok"],"inLanguage":"hu"},{"@type":"WebPage","@id":"https:\/\/abconcretedesign.com\/hu\/logo-formaju-ceges-dijak-a-specialterv-reszere\/","url":"https:\/\/abconcretedesign.com\/hu\/logo-formaju-ceges-dijak-a-specialterv-reszere\/","name":"Log\u00f3 form\u00e1j\u00fa c\u00e9ges d\u00edjak \u2013 Egyedi tr\u00f3fe\u00e1k a SPECI\u00c1LTERV r\u00e9sz\u00e9re &#187; AB Concrete Design","isPartOf":{"@id":"https:\/\/abconcretedesign.com\/hu\/#website"},"primaryImageOfPage":{"@id":"https:\/\/abconcretedesign.com\/hu\/logo-formaju-ceges-dijak-a-specialterv-reszere\/#primaryimage"},"image":{"@id":"https:\/\/abconcretedesign.com\/hu\/logo-formaju-ceges-dijak-a-specialterv-reszere\/#primaryimage"},"thumbnailUrl":"https:\/\/abconcretedesign.com\/wp-content\/uploads\/2024\/08\/IMG_6780.jpeg","datePublished":"2024-08-02T08:57:40+00:00","dateModified":"2025-07-26T14:36:17+00:00","description":"Log\u00f3 form\u00e1j\u00fa c\u00e9ges tr\u00f3fae betonb\u00f3l. Egyedi beton d\u00edjak a Speci\u00e1lterv Kft jubil\u00e1l\u00f3 munkat\u00e1rsai r\u00e9sz\u00e9re.","breadcrumb":{"@id":"https:\/\/abconcretedesign.com\/hu\/logo-formaju-ceges-dijak-a-specialterv-reszere\/#breadcrumb"},"inLanguage":"hu","potentialAction":[{"@type":"ReadAction","target":["https:\/\/abconcretedesign.com\/hu\/logo-formaju-ceges-dijak-a-specialterv-reszere\/"]}]},{"@type":"ImageObject","inLanguage":"hu","@id":"https:\/\/abconcretedesign.com\/hu\/logo-formaju-ceges-dijak-a-specialterv-reszere\/#primaryimage","url":"https:\/\/abconcretedesign.com\/wp-content\/uploads\/2024\/08\/IMG_6780.jpeg","contentUrl":"https:\/\/abconcretedesign.com\/wp-content\/uploads\/2024\/08\/IMG_6780.jpeg","width":1920,"height":1440,"caption":"Speci\u00e1lterv Kft munkat\u00e1rsai sz\u00e1m\u00e1ra egyedi tervez\u00e9s\u0171 d\u00edjakat gy\u00e1rtottunk"},{"@type":"BreadcrumbList","@id":"https:\/\/abconcretedesign.com\/hu\/logo-formaju-ceges-dijak-a-specialterv-reszere\/#breadcrumb","itemListElement":[{"@type":"ListItem","position":1,"name":"F\u0151oldal","item":"https:\/\/abconcretedesign.com\/hu\/"},{"@type":"ListItem","position":2,"name":"Log\u00f3 form\u00e1j\u00fa c\u00e9ges d\u00edjak \u2013 Egyedi tr\u00f3fe\u00e1k a SPECI\u00c1LTERV r\u00e9sz\u00e9re"}]},{"@type":"WebSite","@id":"https:\/\/abconcretedesign.com\/hu\/#website","url":"https:\/\/abconcretedesign.com\/hu\/","name":"AB Concrete Design and Business Gifts","description":"Beton Design T\u00e1rgyak, \u00c9kszer \u00e9s \u00dczleti Aj\u00e1nd\u00e9k, Beton Tr\u00f3fe\u00e1k","publisher":{"@id":"https:\/\/abconcretedesign.com\/hu\/#organization"},"potentialAction":[{"@type":"SearchAction","target":{"@type":"EntryPoint","urlTemplate":"https:\/\/abconcretedesign.com\/hu\/?s={search_term_string}"},"query-input":{"@type":"PropertyValueSpecification","valueRequired":true,"valueName":"search_term_string"}}],"inLanguage":"hu"},{"@type":"Organization","@id":"https:\/\/abconcretedesign.com\/hu\/#organization","name":"AB Concrete Design","url":"https:\/\/abconcretedesign.com\/hu\/","logo":{"@type":"ImageObject","inLanguage":"hu","@id":"https:\/\/abconcretedesign.com\/hu\/#\/schema\/logo\/image\/","url":"https:\/\/abconcretedesign.com\/wp-content\/uploads\/2019\/04\/ab-concrete-design-logo.jpg","contentUrl":"https:\/\/abconcretedesign.com\/wp-content\/uploads\/2019\/04\/ab-concrete-design-logo.jpg","width":351,"height":89,"caption":"AB Concrete Design"},"image":{"@id":"https:\/\/abconcretedesign.com\/hu\/#\/schema\/logo\/image\/"}},{"@type":"Person","@id":"https:\/\/abconcretedesign.com\/hu\/#\/schema\/person\/0a8b63622f7b0d0f5f8fee62a4ecc6b5","name":"AB Concrete Design","sameAs":["https:\/\/abconcretedesign.com"]}]}},"_links":{"self":[{"href":"https:\/\/abconcretedesign.com\/hu\/wp-json\/wp\/v2\/posts\/37193","targetHints":{"allow":["GET"]}}],"collection":[{"href":"https:\/\/abconcretedesign.com\/hu\/wp-json\/wp\/v2\/posts"}],"about":[{"href":"https:\/\/abconcretedesign.com\/hu\/wp-json\/wp\/v2\/types\/post"}],"author":[{"embeddable":true,"href":"https:\/\/abconcretedesign.com\/hu\/wp-json\/wp\/v2\/users\/2"}],"replies":[{"embeddable":true,"href":"https:\/\/abconcretedesign.com\/hu\/wp-json\/wp\/v2\/comments?post=37193"}],"version-history":[{"count":20,"href":"https:\/\/abconcretedesign.com\/hu\/wp-json\/wp\/v2\/posts\/37193\/revisions"}],"predecessor-version":[{"id":41738,"href":"https:\/\/abconcretedesign.com\/hu\/wp-json\/wp\/v2\/posts\/37193\/revisions\/41738"}],"wp:featuredmedia":[{"embeddable":true,"href":"https:\/\/abconcretedesign.com\/hu\/wp-json\/wp\/v2\/media\/37168"}],"wp:attachment":[{"href":"https:\/\/abconcretedesign.com\/hu\/wp-json\/wp\/v2\/media?parent=37193"}],"wp:term":[{"taxonomy":"category","embeddable":true,"href":"https:\/\/abconcretedesign.com\/hu\/wp-json\/wp\/v2\/categories?post=37193"},{"taxonomy":"post_tag","embeddable":true,"href":"https:\/\/abconcretedesign.com\/hu\/wp-json\/wp\/v2\/tags?post=37193"}],"curies":[{"name":"wp","href":"https:\/\/api.w.org\/{rel}","templated":true}]}}