{"id":3574,"date":"2017-03-24T20:30:26","date_gmt":"2017-03-24T19:30:26","guid":{"rendered":"https:\/\/abconcretedesign.com\/zaro-esemeny-moholy-nagy-laszlo-design-osztondij-2016\/"},"modified":"2019-10-25T11:50:50","modified_gmt":"2019-10-25T09:50:50","slug":"zaro-esemeny-moholy-nagy-laszlo-design-osztondij-2016","status":"publish","type":"post","link":"https:\/\/abconcretedesign.com\/hu\/zaro-esemeny-moholy-nagy-laszlo-design-osztondij-2016\/","title":{"rendered":"A 2016-os Moholy-Nagy L\u00e1szl\u00f3 Formatervez\u00e9si \u00d6szt\u00f6nd\u00edj z\u00e1r\u00f3esem\u00e9nye"},"content":{"rendered":"<h4>2016-ban Boldog Anita, az AB concrete design alap\u00edt\u00f3 tervez\u0151je, is a Moholy-Nagy L\u00e1szl\u00f3 Formatervez\u00e9si \u00d6szt\u00f6nd\u00edj nyertesei k\u00f6z\u00f6tt volt.<\/h4>\n<p>A d\u00edjat 1989-ben alap\u00edtott\u00e1k azzal a c\u00e9llal, hogy seg\u00edtse a hazai formakult\u00fara fejl\u0151d\u00e9s\u00e9t, t\u00e1mogassa a tervez\u0151k szakmai munk\u00e1j\u00e1t, valamint p\u00e1ly\u00e1zati lehet\u0151s\u00e9get biztos\u00edtson sz\u00e1mukra.<\/p>\n  <div class=\"banner-grid-wrapper\">\n  <div id=\"banner-grid-984847404\" class=\"banner-grid row row-grid row-small\" data-packery-options=\"\">\n                      \n<div class=\"col grid-col large-4 grid-col-1-3\" ><div class=\"col-inner\">\n\t<div class=\"img has-hover x md-x lg-x y md-y lg-y\" id=\"image_2101053791\">\n\t\t\t\t\t\t\t\t<div class=\"img-inner dark\" >\n\t\t\t<img loading=\"lazy\" decoding=\"async\" width=\"1020\" height=\"681\" src=\"https:\/\/abconcretedesign.com\/wp-content\/uploads\/2017\/03\/laszlo-moholy-nagy-design-grant-event-2016-1198x800.jpg\" class=\"attachment-large size-large\" alt=\"\" srcset=\"https:\/\/abconcretedesign.com\/wp-content\/uploads\/2017\/03\/laszlo-moholy-nagy-design-grant-event-2016-1198x800.jpg 1198w, https:\/\/abconcretedesign.com\/wp-content\/uploads\/2017\/03\/laszlo-moholy-nagy-design-grant-event-2016-510x340.jpg 510w, https:\/\/abconcretedesign.com\/wp-content\/uploads\/2017\/03\/laszlo-moholy-nagy-design-grant-event-2016-599x400.jpg 599w, https:\/\/abconcretedesign.com\/wp-content\/uploads\/2017\/03\/laszlo-moholy-nagy-design-grant-event-2016-768x513.jpg 768w, https:\/\/abconcretedesign.com\/wp-content\/uploads\/2017\/03\/laszlo-moholy-nagy-design-grant-event-2016-600x401.jpg 600w, https:\/\/abconcretedesign.com\/wp-content\/uploads\/2017\/03\/laszlo-moholy-nagy-design-grant-event-2016.jpg 1600w\" sizes=\"auto, (max-width: 1020px) 100vw, 1020px\" \/>\t\t\t\t\t\t\n\t\t\t\t\t<\/div>\n\t\t\t\t\t\t\t\t\n<style>\n#image_2101053791 {\n  width: 100%;\n}\n<\/style>\n\t<\/div>\n\t\n<\/div><\/div>\n<div class=\"col grid-col large-4 grid-col-1-3\" ><div class=\"col-inner\">\n\t<div class=\"img has-hover x md-x lg-x y md-y lg-y\" id=\"image_725951554\">\n\t\t\t\t\t\t\t\t<div class=\"img-inner dark\" >\n\t\t\t<img loading=\"lazy\" decoding=\"async\" width=\"1020\" height=\"681\" src=\"https:\/\/abconcretedesign.com\/wp-content\/uploads\/2017\/03\/laszlo-moholy-nagy-design-grant-event-concrete-designer-1198x800.jpg\" class=\"attachment-large size-large\" alt=\"\" srcset=\"https:\/\/abconcretedesign.com\/wp-content\/uploads\/2017\/03\/laszlo-moholy-nagy-design-grant-event-concrete-designer-1198x800.jpg 1198w, https:\/\/abconcretedesign.com\/wp-content\/uploads\/2017\/03\/laszlo-moholy-nagy-design-grant-event-concrete-designer-510x340.jpg 510w, https:\/\/abconcretedesign.com\/wp-content\/uploads\/2017\/03\/laszlo-moholy-nagy-design-grant-event-concrete-designer-599x400.jpg 599w, https:\/\/abconcretedesign.com\/wp-content\/uploads\/2017\/03\/laszlo-moholy-nagy-design-grant-event-concrete-designer-768x513.jpg 768w, https:\/\/abconcretedesign.com\/wp-content\/uploads\/2017\/03\/laszlo-moholy-nagy-design-grant-event-concrete-designer-600x401.jpg 600w, https:\/\/abconcretedesign.com\/wp-content\/uploads\/2017\/03\/laszlo-moholy-nagy-design-grant-event-concrete-designer.jpg 1600w\" sizes=\"auto, (max-width: 1020px) 100vw, 1020px\" \/>\t\t\t\t\t\t\n\t\t\t\t\t<\/div>\n\t\t\t\t\t\t\t\t\n<style>\n#image_725951554 {\n  width: 100%;\n}\n<\/style>\n\t<\/div>\n\t\n<\/div><\/div>\n<div class=\"col grid-col large-4 grid-col-1-3\" ><div class=\"col-inner\">\n\t<div class=\"img has-hover x md-x lg-x y md-y lg-y\" id=\"image_76594744\">\n\t\t\t\t\t\t\t\t<div class=\"img-inner dark\" >\n\t\t\t<img loading=\"lazy\" decoding=\"async\" width=\"1020\" height=\"681\" src=\"https:\/\/abconcretedesign.com\/wp-content\/uploads\/2017\/03\/laszlo-moholy-nagy-design-grant-event-concrete-design-1198x800.jpg\" class=\"attachment-large size-large\" alt=\"\" srcset=\"https:\/\/abconcretedesign.com\/wp-content\/uploads\/2017\/03\/laszlo-moholy-nagy-design-grant-event-concrete-design-1198x800.jpg 1198w, https:\/\/abconcretedesign.com\/wp-content\/uploads\/2017\/03\/laszlo-moholy-nagy-design-grant-event-concrete-design-510x340.jpg 510w, https:\/\/abconcretedesign.com\/wp-content\/uploads\/2017\/03\/laszlo-moholy-nagy-design-grant-event-concrete-design-599x400.jpg 599w, https:\/\/abconcretedesign.com\/wp-content\/uploads\/2017\/03\/laszlo-moholy-nagy-design-grant-event-concrete-design-768x513.jpg 768w, https:\/\/abconcretedesign.com\/wp-content\/uploads\/2017\/03\/laszlo-moholy-nagy-design-grant-event-concrete-design-600x401.jpg 600w, https:\/\/abconcretedesign.com\/wp-content\/uploads\/2017\/03\/laszlo-moholy-nagy-design-grant-event-concrete-design.jpg 1600w\" sizes=\"auto, (max-width: 1020px) 100vw, 1020px\" \/>\t\t\t\t\t\t\n\t\t\t\t\t<\/div>\n\t\t\t\t\t\t\t\t\n<style>\n#image_76594744 {\n  width: 100%;\n}\n<\/style>\n\t<\/div>\n\t\n<\/div><\/div>\n            <\/div>\n    <style>\n    #banner-grid-984847404 .grid-col-1{height: 600px}\n    #banner-grid-984847404 .grid-col-1-2{height: 300px}\n    #banner-grid-984847404 .grid-col-1-3{height:200px}\n    #banner-grid-984847404 .grid-col-2-3{height: 400px}\n    #banner-grid-984847404 .grid-col-1-4{height: 150px}\n    #banner-grid-984847404 .grid-col-3-4{height: 450px}\n\n\n    \n    \n\n  <\/style>\n    <\/div>\n  \n<div class=\"row\"  id=\"row-532498221\">\n\n\t<div id=\"col-670588453\" class=\"col small-12 large-12\"  >\n\t\t\t\t<div class=\"col-inner\"  >\n\t\t\t\n\t\t\t\n<h4>A Moholy-Nagy Formatervez\u00e9si \u00d6szt\u00f6nd\u00edjprogram majd harminc \u00e9ve sor\u00e1n sz\u00e1zn\u00e1l t\u00f6bb fiatal, hazai designer kapott lehet\u0151s\u00e9get a szakmai fejl\u0151d\u00e9sre, tehets\u00e9ge kibontakoztat\u00e1s\u00e1ra.<\/h4>\n<p>Az elm\u00falt \u00e9vek sor\u00e1n egyre jelent\u0151sebb ipari, gy\u00e1rt\u00f3i r\u00e9szv\u00e9tellel kieg\u00e9sz\u00fclt, \u00e9s gazdas\u00e1gi d\u00f6nt\u00e9shoz\u00f3i figyelemmel k\u00eds\u00e9rt program val\u00f3s j\u00f6v\u0151beni lehet\u0151s\u00e9geket k\u00edn\u00e1l a d\u00edjazottak \u00e9s projektjeik sz\u00e1m\u00e1ra. A f\u00e9l \u00e9vre sz\u00f3l\u00f3 \u00f6szt\u00f6nd\u00edjr\u00f3l minden \u00e9vben szakmai zs\u0171ri d\u00f6nt. Az elismer\u00e9s igazi m\u00e9rf\u00f6ldk\u0151 a fiatal magyar designerek munk\u00e1ss\u00e1g\u00e1ban, melyet j\u00f3l jelez a hatalmas t\u00faljelentkez\u00e9s is.<\/p>\n  <div class=\"banner-grid-wrapper\">\n  <div id=\"banner-grid-208751845\" class=\"banner-grid row row-grid row-small\" data-packery-options=\"\">\n                      \n<div class=\"col grid-col large-12 grid-col-1\" ><div class=\"col-inner\">\n\t<div class=\"img has-hover x md-x lg-x y md-y lg-y\" id=\"image_1762322166\">\n\t\t\t\t\t\t\t\t<div class=\"img-inner dark\" >\n\t\t\t<img loading=\"lazy\" decoding=\"async\" width=\"1020\" height=\"681\" src=\"https:\/\/abconcretedesign.com\/wp-content\/uploads\/2017\/03\/laszlo-moholy-nagy-design-grant-exhibition-anita-boldog-concrete-designer-1198x800.jpg\" class=\"attachment-large size-large\" alt=\"\" srcset=\"https:\/\/abconcretedesign.com\/wp-content\/uploads\/2017\/03\/laszlo-moholy-nagy-design-grant-exhibition-anita-boldog-concrete-designer-1198x800.jpg 1198w, https:\/\/abconcretedesign.com\/wp-content\/uploads\/2017\/03\/laszlo-moholy-nagy-design-grant-exhibition-anita-boldog-concrete-designer-510x340.jpg 510w, https:\/\/abconcretedesign.com\/wp-content\/uploads\/2017\/03\/laszlo-moholy-nagy-design-grant-exhibition-anita-boldog-concrete-designer-599x400.jpg 599w, https:\/\/abconcretedesign.com\/wp-content\/uploads\/2017\/03\/laszlo-moholy-nagy-design-grant-exhibition-anita-boldog-concrete-designer-768x513.jpg 768w, https:\/\/abconcretedesign.com\/wp-content\/uploads\/2017\/03\/laszlo-moholy-nagy-design-grant-exhibition-anita-boldog-concrete-designer-600x401.jpg 600w, https:\/\/abconcretedesign.com\/wp-content\/uploads\/2017\/03\/laszlo-moholy-nagy-design-grant-exhibition-anita-boldog-concrete-designer.jpg 1600w\" sizes=\"auto, (max-width: 1020px) 100vw, 1020px\" \/>\t\t\t\t\t\t\n\t\t\t\t\t<\/div>\n\t\t\t\t\t\t\t\t\n<style>\n#image_1762322166 {\n  width: 100%;\n}\n<\/style>\n\t<\/div>\n\t\n<\/div><\/div>\n<div class=\"col grid-col large-7 grid-col-1-2\" ><div class=\"col-inner\">\n\t<div class=\"img has-hover x md-x lg-x y md-y lg-y\" id=\"image_652827561\">\n\t\t\t\t\t\t\t\t<div class=\"img-inner dark\" >\n\t\t\t<img loading=\"lazy\" decoding=\"async\" width=\"1020\" height=\"681\" src=\"https:\/\/abconcretedesign.com\/wp-content\/uploads\/2017\/03\/concrete-design-partner-gift-collection-exhibition-moholy-1199x800.jpg\" class=\"attachment-large size-large\" alt=\"concrete design partner gift collection on the exhibition of Moholy-Nagy L\u00e1szl\u00f3 Design Grant\" srcset=\"https:\/\/abconcretedesign.com\/wp-content\/uploads\/2017\/03\/concrete-design-partner-gift-collection-exhibition-moholy-1199x800.jpg 1199w, https:\/\/abconcretedesign.com\/wp-content\/uploads\/2017\/03\/concrete-design-partner-gift-collection-exhibition-moholy-510x340.jpg 510w, https:\/\/abconcretedesign.com\/wp-content\/uploads\/2017\/03\/concrete-design-partner-gift-collection-exhibition-moholy-599x400.jpg 599w, https:\/\/abconcretedesign.com\/wp-content\/uploads\/2017\/03\/concrete-design-partner-gift-collection-exhibition-moholy-768x513.jpg 768w, https:\/\/abconcretedesign.com\/wp-content\/uploads\/2017\/03\/concrete-design-partner-gift-collection-exhibition-moholy-600x400.jpg 600w, https:\/\/abconcretedesign.com\/wp-content\/uploads\/2017\/03\/concrete-design-partner-gift-collection-exhibition-moholy.jpg 1600w\" sizes=\"auto, (max-width: 1020px) 100vw, 1020px\" \/>\t\t\t\t\t\t\n\t\t\t\t\t<\/div>\n\t\t\t\t\t\t\t\t\n<style>\n#image_652827561 {\n  width: 100%;\n}\n<\/style>\n\t<\/div>\n\t\n<\/div><\/div>\n<div class=\"col grid-col large-5 grid-col-1-2\" ><div class=\"col-inner\">\n\t<div class=\"img has-hover x md-x lg-x y md-y lg-y\" id=\"image_472033821\">\n\t\t\t\t\t\t\t\t<div class=\"img-inner dark\" >\n\t\t\t<img loading=\"lazy\" decoding=\"async\" width=\"1020\" height=\"681\" src=\"https:\/\/abconcretedesign.com\/wp-content\/uploads\/2017\/03\/laszlo-moholy-nagy-design-grant-presentation-concrete-designer-anita-boldog-1198x800.jpg\" class=\"attachment-large size-large\" alt=\"\" srcset=\"https:\/\/abconcretedesign.com\/wp-content\/uploads\/2017\/03\/laszlo-moholy-nagy-design-grant-presentation-concrete-designer-anita-boldog-1198x800.jpg 1198w, https:\/\/abconcretedesign.com\/wp-content\/uploads\/2017\/03\/laszlo-moholy-nagy-design-grant-presentation-concrete-designer-anita-boldog-510x340.jpg 510w, https:\/\/abconcretedesign.com\/wp-content\/uploads\/2017\/03\/laszlo-moholy-nagy-design-grant-presentation-concrete-designer-anita-boldog-599x400.jpg 599w, https:\/\/abconcretedesign.com\/wp-content\/uploads\/2017\/03\/laszlo-moholy-nagy-design-grant-presentation-concrete-designer-anita-boldog-768x513.jpg 768w, https:\/\/abconcretedesign.com\/wp-content\/uploads\/2017\/03\/laszlo-moholy-nagy-design-grant-presentation-concrete-designer-anita-boldog-600x401.jpg 600w, https:\/\/abconcretedesign.com\/wp-content\/uploads\/2017\/03\/laszlo-moholy-nagy-design-grant-presentation-concrete-designer-anita-boldog.jpg 1600w\" sizes=\"auto, (max-width: 1020px) 100vw, 1020px\" \/>\t\t\t\t\t\t\n\t\t\t\t\t<\/div>\n\t\t\t\t\t\t\t\t\n<style>\n#image_472033821 {\n  width: 100%;\n}\n<\/style>\n\t<\/div>\n\t\n<\/div><\/div>\n            <\/div>\n    <style>\n    #banner-grid-208751845 .grid-col-1{height: 600px}\n    #banner-grid-208751845 .grid-col-1-2{height: 300px}\n    #banner-grid-208751845 .grid-col-1-3{height:200px}\n    #banner-grid-208751845 .grid-col-2-3{height: 400px}\n    #banner-grid-208751845 .grid-col-1-4{height: 150px}\n    #banner-grid-208751845 .grid-col-3-4{height: 450px}\n\n\n    \n    \n\n  <\/style>\n    <\/div>\n  \n<div class=\"row\"  id=\"row-387154635\">\n\n\t<div id=\"col-1930221387\" class=\"col small-12 large-12\"  >\n\t\t\t\t<div class=\"col-inner\"  >\n\t\t\t\n\t\t\t\n<h4>Anita a legkev\u00e9sb\u00e9 figyelemre m\u00e9ltatott designt\u00e1rgyak k\u00f6z\u00e9 tartoz\u00f3, a c\u00e9ges log\u00f3val ell\u00e1tott partneraj\u00e1nd\u00e9k-kollekci\u00f3val p\u00e1ly\u00e1zott az \u00f6szt\u00f6nd\u00edjra.<\/h4>\n<p>A sorozat inspir\u00e1ci\u00f3s forr\u00e1sa (t\u00f6bbek k\u00f6z\u00f6tt) az \u00f6tvenes-hatvanas \u00e9vekben n\u00e9pszer\u0171, majd mostan\u00e1ban m\u00e1sodvir\u00e1gz\u00e1s\u00e1t \u00e9l\u0151 brutalista \u00e9p\u00edt\u00e9szet, jellemz\u0151en geometrikus, architektonikus elemekb\u0151l \u00e9p\u00fcl fel, \u00e9p\u00fcletek, toronyh\u00e1zak t\u00f6megeit id\u00e9zve.<\/p>\n  <div class=\"banner-grid-wrapper\">\n  <div id=\"banner-grid-1269672320\" class=\"banner-grid row row-grid row-small\" data-packery-options=\"\">\n                      \n<div class=\"col grid-col large-12 grid-col-2-3\" ><div class=\"col-inner\">\n\t<div class=\"img has-hover x md-x lg-x y md-y lg-y\" id=\"image_972325471\">\n\t\t\t\t\t\t\t\t<div class=\"img-inner dark\" >\n\t\t\t<img loading=\"lazy\" decoding=\"async\" width=\"1020\" height=\"681\" src=\"https:\/\/abconcretedesign.com\/wp-content\/uploads\/2017\/03\/concrete-design-b2b-gift-collection-exhibition-brutalist-archicon-1199x800.jpg\" class=\"attachment-large size-large\" alt=\"B2B gift collection in brutalist style made of concrete\" srcset=\"https:\/\/abconcretedesign.com\/wp-content\/uploads\/2017\/03\/concrete-design-b2b-gift-collection-exhibition-brutalist-archicon-1199x800.jpg 1199w, https:\/\/abconcretedesign.com\/wp-content\/uploads\/2017\/03\/concrete-design-b2b-gift-collection-exhibition-brutalist-archicon-510x340.jpg 510w, https:\/\/abconcretedesign.com\/wp-content\/uploads\/2017\/03\/concrete-design-b2b-gift-collection-exhibition-brutalist-archicon-599x400.jpg 599w, https:\/\/abconcretedesign.com\/wp-content\/uploads\/2017\/03\/concrete-design-b2b-gift-collection-exhibition-brutalist-archicon-768x513.jpg 768w, https:\/\/abconcretedesign.com\/wp-content\/uploads\/2017\/03\/concrete-design-b2b-gift-collection-exhibition-brutalist-archicon-600x400.jpg 600w, https:\/\/abconcretedesign.com\/wp-content\/uploads\/2017\/03\/concrete-design-b2b-gift-collection-exhibition-brutalist-archicon.jpg 1600w\" sizes=\"auto, (max-width: 1020px) 100vw, 1020px\" \/>\t\t\t\t\t\t\n\t\t\t\t\t<\/div>\n\t\t\t\t\t\t\t\t\n<style>\n#image_972325471 {\n  width: 100%;\n}\n<\/style>\n\t<\/div>\n\t\n<\/div><\/div>\n<div class=\"col grid-col large-4 grid-col-1-3\" ><div class=\"col-inner\">\n\t<div class=\"img has-hover x md-x lg-x y md-y lg-y\" id=\"image_25966365\">\n\t\t\t\t\t\t\t\t<div class=\"img-inner dark\" >\n\t\t\t<img loading=\"lazy\" decoding=\"async\" width=\"1020\" height=\"681\" src=\"https:\/\/abconcretedesign.com\/wp-content\/uploads\/2017\/03\/concrete-design-partner-gift-collection-business-card-holder-1198x800.jpg\" class=\"attachment-large size-large\" alt=\"concrete design corporate gift collection: business card holder, pen holder, office desk equipment\" srcset=\"https:\/\/abconcretedesign.com\/wp-content\/uploads\/2017\/03\/concrete-design-partner-gift-collection-business-card-holder-1198x800.jpg 1198w, https:\/\/abconcretedesign.com\/wp-content\/uploads\/2017\/03\/concrete-design-partner-gift-collection-business-card-holder-510x340.jpg 510w, https:\/\/abconcretedesign.com\/wp-content\/uploads\/2017\/03\/concrete-design-partner-gift-collection-business-card-holder-599x400.jpg 599w, https:\/\/abconcretedesign.com\/wp-content\/uploads\/2017\/03\/concrete-design-partner-gift-collection-business-card-holder-768x513.jpg 768w, https:\/\/abconcretedesign.com\/wp-content\/uploads\/2017\/03\/concrete-design-partner-gift-collection-business-card-holder-600x401.jpg 600w, https:\/\/abconcretedesign.com\/wp-content\/uploads\/2017\/03\/concrete-design-partner-gift-collection-business-card-holder.jpg 1600w\" sizes=\"auto, (max-width: 1020px) 100vw, 1020px\" \/>\t\t\t\t\t\t\n\t\t\t\t\t<\/div>\n\t\t\t\t\t\t\t\t\n<style>\n#image_25966365 {\n  width: 100%;\n}\n<\/style>\n\t<\/div>\n\t\n<\/div><\/div>\n<div class=\"col grid-col large-4 grid-col-1-3\" ><div class=\"col-inner\">\n\t<div class=\"img has-hover x md-x lg-x y md-y lg-y\" id=\"image_1221698327\">\n\t\t\t\t\t\t\t\t<div class=\"img-inner dark\" >\n\t\t\t<img loading=\"lazy\" decoding=\"async\" width=\"1020\" height=\"681\" src=\"https:\/\/abconcretedesign.com\/wp-content\/uploads\/2017\/03\/laszlo-moholy-nagy-design-grant-exhibition-concrete-designer-anita-boldog-b2b-gifts-1199x800.jpg\" class=\"attachment-large size-large\" alt=\"\" srcset=\"https:\/\/abconcretedesign.com\/wp-content\/uploads\/2017\/03\/laszlo-moholy-nagy-design-grant-exhibition-concrete-designer-anita-boldog-b2b-gifts-1199x800.jpg 1199w, https:\/\/abconcretedesign.com\/wp-content\/uploads\/2017\/03\/laszlo-moholy-nagy-design-grant-exhibition-concrete-designer-anita-boldog-b2b-gifts-510x340.jpg 510w, https:\/\/abconcretedesign.com\/wp-content\/uploads\/2017\/03\/laszlo-moholy-nagy-design-grant-exhibition-concrete-designer-anita-boldog-b2b-gifts-599x400.jpg 599w, https:\/\/abconcretedesign.com\/wp-content\/uploads\/2017\/03\/laszlo-moholy-nagy-design-grant-exhibition-concrete-designer-anita-boldog-b2b-gifts-768x513.jpg 768w, https:\/\/abconcretedesign.com\/wp-content\/uploads\/2017\/03\/laszlo-moholy-nagy-design-grant-exhibition-concrete-designer-anita-boldog-b2b-gifts-600x400.jpg 600w, https:\/\/abconcretedesign.com\/wp-content\/uploads\/2017\/03\/laszlo-moholy-nagy-design-grant-exhibition-concrete-designer-anita-boldog-b2b-gifts.jpg 1600w\" sizes=\"auto, (max-width: 1020px) 100vw, 1020px\" \/>\t\t\t\t\t\t\n\t\t\t\t\t<\/div>\n\t\t\t\t\t\t\t\t\n<style>\n#image_1221698327 {\n  width: 100%;\n}\n<\/style>\n\t<\/div>\n\t\n<\/div><\/div>\n<div class=\"col grid-col large-4 grid-col-1-3\" ><div class=\"col-inner\">\n\t<div class=\"img has-hover x md-x lg-x y md-y lg-y\" id=\"image_1799023666\">\n\t\t\t\t\t\t\t\t<div class=\"img-inner dark\" >\n\t\t\t<img loading=\"lazy\" decoding=\"async\" width=\"1020\" height=\"681\" src=\"https:\/\/abconcretedesign.com\/wp-content\/uploads\/2017\/03\/laszlo-moholy-nagy-design-grant-event-exhibition-1199x800.jpg\" class=\"attachment-large size-large\" alt=\"\" srcset=\"https:\/\/abconcretedesign.com\/wp-content\/uploads\/2017\/03\/laszlo-moholy-nagy-design-grant-event-exhibition-1199x800.jpg 1199w, https:\/\/abconcretedesign.com\/wp-content\/uploads\/2017\/03\/laszlo-moholy-nagy-design-grant-event-exhibition-510x340.jpg 510w, https:\/\/abconcretedesign.com\/wp-content\/uploads\/2017\/03\/laszlo-moholy-nagy-design-grant-event-exhibition-599x400.jpg 599w, https:\/\/abconcretedesign.com\/wp-content\/uploads\/2017\/03\/laszlo-moholy-nagy-design-grant-event-exhibition-768x513.jpg 768w, https:\/\/abconcretedesign.com\/wp-content\/uploads\/2017\/03\/laszlo-moholy-nagy-design-grant-event-exhibition-600x400.jpg 600w, https:\/\/abconcretedesign.com\/wp-content\/uploads\/2017\/03\/laszlo-moholy-nagy-design-grant-event-exhibition.jpg 1600w\" sizes=\"auto, (max-width: 1020px) 100vw, 1020px\" \/>\t\t\t\t\t\t\n\t\t\t\t\t<\/div>\n\t\t\t\t\t\t\t\t\n<style>\n#image_1799023666 {\n  width: 100%;\n}\n<\/style>\n\t<\/div>\n\t\n<\/div><\/div>\n            <\/div>\n    <style>\n    #banner-grid-1269672320 .grid-col-1{height: 600px}\n    #banner-grid-1269672320 .grid-col-1-2{height: 300px}\n    #banner-grid-1269672320 .grid-col-1-3{height:200px}\n    #banner-grid-1269672320 .grid-col-2-3{height: 400px}\n    #banner-grid-1269672320 .grid-col-1-4{height: 150px}\n    #banner-grid-1269672320 .grid-col-3-4{height: 450px}\n\n\n    \n    \n\n  <\/style>\n    <\/div>\n  \n\t\t<\/div>\n\t\t\t\t\t<\/div>\n\n\t\n<\/div>\n<div class=\"row\"  id=\"row-298516150\">\n\n\t<div id=\"col-2028208286\" class=\"col small-12 large-12\"  >\n\t\t\t\t<div class=\"col-inner\"  >\n\t\t\t\n\t\t\t\n<p>A 2016-os nyertesek munk\u00e1ib\u00f3l 2017. m\u00e1rcius 30-\u00e1n ny\u00edlt ki\u00e1ll\u00edt\u00e1s a Kort\u00e1rs \u00c9p\u00edt\u00e9szeti K\u00f6zpontban. A t\u00e1rlat megnyit\u00f3j\u00e1ra a Magyar Formatervez\u00e9si Tan\u00e1cs \u00e9s a MOME+ (a Moholy-Nagy M\u0171v\u00e9szeti Egyetem inkub\u00e1ci\u00f3s projektje) szervez\u00e9s\u00e9ben megval\u00f3sult program keret\u00e9ben ker\u00fclt sor. Az ifj\u00fa \u00f6szt\u00f6nd\u00edjasok prezent\u00e1ci\u00f3kban ismertett\u00e9k munk\u00e1jukat, m\u00edg a kerekasztal besz\u00e9lget\u00e9sek sor\u00e1n t\u00f6bbek k\u00f6z\u00f6tt olyan t\u00e9m\u00e1kat vitattak meg a megh\u00edvott szak\u00e9rt\u0151k, mint az \u00d6szt\u00f6nd\u00edjprogram inkub\u00e1ci\u00f3s potenci\u00e1lja, valamint a program eddigi eredm\u00e9nyeit felt\u00e9rk\u00e9pez\u0151 kutat\u00e1s eredm\u00e9nyei.<\/p>\n<div class=\"row\"  id=\"row-522349787\">\n\n\t<div id=\"col-1132485494\" class=\"col small-12 large-12\"  >\n\t\t\t\t<div class=\"col-inner\"  >\n\t\t\t\n\t\t\t\n<p>Fot\u00f3: <a href=\"https:\/\/abconcretedesign.com\/closing-event-of-the-moholy-nagy-laszlo-design-scholarship-2016\/\" edit=\"true\">Mil\u00e1n R\u00e1cmoln\u00e1r<\/a><\/p>\n\t\t<\/div>\n\t\t\t\t\t<\/div>\n\n\t\n<\/div>\n\t\t<\/div>\n\t\t\t\t\t<\/div>\n\n\t\n<\/div>\n\t\t<\/div>\n\t\t\t\t\t<\/div>\n\n\t\n<\/div>\n","protected":false},"excerpt":{"rendered":"<p>2016-ban Boldog Anita, az AB concrete design alap\u00edt\u00f3 tervez\u0151je, is a Moholy-Nagy L\u00e1szl\u00f3 Formatervez\u00e9si \u00d6szt\u00f6nd\u00edj nyertesei k\u00f6z\u00f6tt volt. A d\u00edjat 1989-ben alap\u00edtott\u00e1k azzal a c\u00e9llal, hogy seg\u00edtse a hazai formakult\u00fara fejl\u0151d\u00e9s\u00e9t, t\u00e1mogassa a tervez\u0151k szakmai munk\u00e1j\u00e1t, valamint p\u00e1ly\u00e1zati lehet\u0151s\u00e9get biztos\u00edtson sz\u00e1mukra.<\/p>\n","protected":false},"author":2,"featured_media":3536,"comment_status":"closed","ping_status":"open","sticky":false,"template":"","format":"standard","meta":{"footnotes":""},"categories":[300],"tags":[272,275],"class_list":["post-3574","post","type-post","status-publish","format-standard","has-post-thumbnail","hentry","category-concrete-items-for-events","tag-exhibition","tag-partner-gift"],"yoast_head":"<!-- This site is optimized with the Yoast SEO Premium plugin v26.2 (Yoast SEO v27.4) - https:\/\/yoast.com\/product\/yoast-seo-premium-wordpress\/ -->\n<title>A 2016-os Moholy-Nagy L\u00e1szl\u00f3 Formatervez\u00e9si \u00d6szt\u00f6nd\u00edj z\u00e1r\u00f3esem\u00e9nye &#187; AB Concrete Design<\/title>\n<meta name=\"description\" content=\"In 2016, Anita Boldog, founding designer of AB concrete design, was among the winners of the Moholy-Nagy L\u00e1szl\u00f3 Design Scholarship.\" \/>\n<meta name=\"robots\" content=\"index, follow, max-snippet:-1, max-image-preview:large, max-video-preview:-1\" \/>\n<link rel=\"canonical\" href=\"https:\/\/abconcretedesign.com\/hu\/zaro-esemeny-moholy-nagy-laszlo-design-osztondij-2016\/\" \/>\n<meta property=\"og:locale\" content=\"hu_HU\" \/>\n<meta property=\"og:type\" content=\"article\" \/>\n<meta property=\"og:title\" content=\"A 2016-os Moholy-Nagy L\u00e1szl\u00f3 Formatervez\u00e9si \u00d6szt\u00f6nd\u00edj z\u00e1r\u00f3esem\u00e9nye\" \/>\n<meta property=\"og:description\" content=\"2016-ban Boldog Anita, az AB concrete design alap\u00edt\u00f3 tervez\u0151je, is a Moholy-Nagy L\u00e1szl\u00f3 Formatervez\u00e9si \u00d6szt\u00f6nd\u00edj nyertesei k\u00f6z\u00f6tt volt. A d\u00edjat 1989-ben\" \/>\n<meta property=\"og:url\" content=\"https:\/\/abconcretedesign.com\/hu\/zaro-esemeny-moholy-nagy-laszlo-design-osztondij-2016\/\" \/>\n<meta property=\"og:site_name\" content=\"AB Concrete Design\" \/>\n<meta property=\"article:published_time\" content=\"2017-03-24T19:30:26+00:00\" \/>\n<meta property=\"article:modified_time\" content=\"2019-10-25T09:50:50+00:00\" \/>\n<meta property=\"og:image\" content=\"https:\/\/abconcretedesign.com\/wp-content\/uploads\/2017\/03\/laszlo-moholy-nagy-design-grant-2016-event.jpg\" \/>\n\t<meta property=\"og:image:width\" content=\"1600\" \/>\n\t<meta property=\"og:image:height\" content=\"1068\" \/>\n\t<meta property=\"og:image:type\" content=\"image\/jpeg\" \/>\n<meta name=\"author\" content=\"AB Concrete Design\" \/>\n<meta name=\"twitter:card\" content=\"summary_large_image\" \/>\n<script type=\"application\/ld+json\" class=\"yoast-schema-graph\">{\"@context\":\"https:\\\/\\\/schema.org\",\"@graph\":[{\"@type\":\"Article\",\"@id\":\"https:\\\/\\\/abconcretedesign.com\\\/hu\\\/zaro-esemeny-moholy-nagy-laszlo-design-osztondij-2016\\\/#article\",\"isPartOf\":{\"@id\":\"https:\\\/\\\/abconcretedesign.com\\\/hu\\\/zaro-esemeny-moholy-nagy-laszlo-design-osztondij-2016\\\/\"},\"author\":{\"name\":\"AB Concrete Design\",\"@id\":\"https:\\\/\\\/abconcretedesign.com\\\/hu\\\/#\\\/schema\\\/person\\\/0a8b63622f7b0d0f5f8fee62a4ecc6b5\"},\"headline\":\"A 2016-os Moholy-Nagy L\u00e1szl\u00f3 Formatervez\u00e9si \u00d6szt\u00f6nd\u00edj z\u00e1r\u00f3esem\u00e9nye\",\"datePublished\":\"2017-03-24T19:30:26+00:00\",\"dateModified\":\"2019-10-25T09:50:50+00:00\",\"mainEntityOfPage\":{\"@id\":\"https:\\\/\\\/abconcretedesign.com\\\/hu\\\/zaro-esemeny-moholy-nagy-laszlo-design-osztondij-2016\\\/\"},\"wordCount\":562,\"publisher\":{\"@id\":\"https:\\\/\\\/abconcretedesign.com\\\/hu\\\/#organization\"},\"image\":{\"@id\":\"https:\\\/\\\/abconcretedesign.com\\\/hu\\\/zaro-esemeny-moholy-nagy-laszlo-design-osztondij-2016\\\/#primaryimage\"},\"thumbnailUrl\":\"https:\\\/\\\/abconcretedesign.com\\\/wp-content\\\/uploads\\\/2017\\\/03\\\/laszlo-moholy-nagy-design-grant-2016-event.jpg\",\"keywords\":[\"exhibition\",\"partner gift\"],\"articleSection\":[\"event\"],\"inLanguage\":\"hu\"},{\"@type\":\"WebPage\",\"@id\":\"https:\\\/\\\/abconcretedesign.com\\\/hu\\\/zaro-esemeny-moholy-nagy-laszlo-design-osztondij-2016\\\/\",\"url\":\"https:\\\/\\\/abconcretedesign.com\\\/hu\\\/zaro-esemeny-moholy-nagy-laszlo-design-osztondij-2016\\\/\",\"name\":\"A 2016-os Moholy-Nagy L\u00e1szl\u00f3 Formatervez\u00e9si \u00d6szt\u00f6nd\u00edj z\u00e1r\u00f3esem\u00e9nye &#187; AB Concrete Design\",\"isPartOf\":{\"@id\":\"https:\\\/\\\/abconcretedesign.com\\\/hu\\\/#website\"},\"primaryImageOfPage\":{\"@id\":\"https:\\\/\\\/abconcretedesign.com\\\/hu\\\/zaro-esemeny-moholy-nagy-laszlo-design-osztondij-2016\\\/#primaryimage\"},\"image\":{\"@id\":\"https:\\\/\\\/abconcretedesign.com\\\/hu\\\/zaro-esemeny-moholy-nagy-laszlo-design-osztondij-2016\\\/#primaryimage\"},\"thumbnailUrl\":\"https:\\\/\\\/abconcretedesign.com\\\/wp-content\\\/uploads\\\/2017\\\/03\\\/laszlo-moholy-nagy-design-grant-2016-event.jpg\",\"datePublished\":\"2017-03-24T19:30:26+00:00\",\"dateModified\":\"2019-10-25T09:50:50+00:00\",\"description\":\"In 2016, Anita Boldog, founding designer of AB concrete design, was among the winners of the Moholy-Nagy L\u00e1szl\u00f3 Design Scholarship.\",\"breadcrumb\":{\"@id\":\"https:\\\/\\\/abconcretedesign.com\\\/hu\\\/zaro-esemeny-moholy-nagy-laszlo-design-osztondij-2016\\\/#breadcrumb\"},\"inLanguage\":\"hu\",\"potentialAction\":[{\"@type\":\"ReadAction\",\"target\":[\"https:\\\/\\\/abconcretedesign.com\\\/hu\\\/zaro-esemeny-moholy-nagy-laszlo-design-osztondij-2016\\\/\"]}]},{\"@type\":\"ImageObject\",\"inLanguage\":\"hu\",\"@id\":\"https:\\\/\\\/abconcretedesign.com\\\/hu\\\/zaro-esemeny-moholy-nagy-laszlo-design-osztondij-2016\\\/#primaryimage\",\"url\":\"https:\\\/\\\/abconcretedesign.com\\\/wp-content\\\/uploads\\\/2017\\\/03\\\/laszlo-moholy-nagy-design-grant-2016-event.jpg\",\"contentUrl\":\"https:\\\/\\\/abconcretedesign.com\\\/wp-content\\\/uploads\\\/2017\\\/03\\\/laszlo-moholy-nagy-design-grant-2016-event.jpg\",\"width\":1600,\"height\":1068},{\"@type\":\"BreadcrumbList\",\"@id\":\"https:\\\/\\\/abconcretedesign.com\\\/hu\\\/zaro-esemeny-moholy-nagy-laszlo-design-osztondij-2016\\\/#breadcrumb\",\"itemListElement\":[{\"@type\":\"ListItem\",\"position\":1,\"name\":\"F\u0151oldal\",\"item\":\"https:\\\/\\\/abconcretedesign.com\\\/hu\\\/\"},{\"@type\":\"ListItem\",\"position\":2,\"name\":\"A 2016-os Moholy-Nagy L\u00e1szl\u00f3 Formatervez\u00e9si \u00d6szt\u00f6nd\u00edj z\u00e1r\u00f3esem\u00e9nye\"}]},{\"@type\":\"WebSite\",\"@id\":\"https:\\\/\\\/abconcretedesign.com\\\/hu\\\/#website\",\"url\":\"https:\\\/\\\/abconcretedesign.com\\\/hu\\\/\",\"name\":\"AB Concrete Design and Business Gifts\",\"description\":\"Beton Design T\u00e1rgyak, \u00c9kszer \u00e9s \u00dczleti Aj\u00e1nd\u00e9k, Beton Tr\u00f3fe\u00e1k\",\"publisher\":{\"@id\":\"https:\\\/\\\/abconcretedesign.com\\\/hu\\\/#organization\"},\"potentialAction\":[{\"@type\":\"SearchAction\",\"target\":{\"@type\":\"EntryPoint\",\"urlTemplate\":\"https:\\\/\\\/abconcretedesign.com\\\/hu\\\/?s={search_term_string}\"},\"query-input\":{\"@type\":\"PropertyValueSpecification\",\"valueRequired\":true,\"valueName\":\"search_term_string\"}}],\"inLanguage\":\"hu\"},{\"@type\":\"Organization\",\"@id\":\"https:\\\/\\\/abconcretedesign.com\\\/hu\\\/#organization\",\"name\":\"AB Concrete Design\",\"url\":\"https:\\\/\\\/abconcretedesign.com\\\/hu\\\/\",\"logo\":{\"@type\":\"ImageObject\",\"inLanguage\":\"hu\",\"@id\":\"https:\\\/\\\/abconcretedesign.com\\\/hu\\\/#\\\/schema\\\/logo\\\/image\\\/\",\"url\":\"https:\\\/\\\/abconcretedesign.com\\\/wp-content\\\/uploads\\\/2019\\\/04\\\/ab-concrete-design-logo.jpg\",\"contentUrl\":\"https:\\\/\\\/abconcretedesign.com\\\/wp-content\\\/uploads\\\/2019\\\/04\\\/ab-concrete-design-logo.jpg\",\"width\":351,\"height\":89,\"caption\":\"AB Concrete Design\"},\"image\":{\"@id\":\"https:\\\/\\\/abconcretedesign.com\\\/hu\\\/#\\\/schema\\\/logo\\\/image\\\/\"}},{\"@type\":\"Person\",\"@id\":\"https:\\\/\\\/abconcretedesign.com\\\/hu\\\/#\\\/schema\\\/person\\\/0a8b63622f7b0d0f5f8fee62a4ecc6b5\",\"name\":\"AB Concrete Design\",\"sameAs\":[\"https:\\\/\\\/abconcretedesign.com\"]}]}<\/script>\n<!-- \/ Yoast SEO Premium plugin. -->","yoast_head_json":{"title":"A 2016-os Moholy-Nagy L\u00e1szl\u00f3 Formatervez\u00e9si \u00d6szt\u00f6nd\u00edj z\u00e1r\u00f3esem\u00e9nye &#187; AB Concrete Design","description":"In 2016, Anita Boldog, founding designer of AB concrete design, was among the winners of the Moholy-Nagy L\u00e1szl\u00f3 Design Scholarship.","robots":{"index":"index","follow":"follow","max-snippet":"max-snippet:-1","max-image-preview":"max-image-preview:large","max-video-preview":"max-video-preview:-1"},"canonical":"https:\/\/abconcretedesign.com\/hu\/zaro-esemeny-moholy-nagy-laszlo-design-osztondij-2016\/","og_locale":"hu_HU","og_type":"article","og_title":"A 2016-os Moholy-Nagy L\u00e1szl\u00f3 Formatervez\u00e9si \u00d6szt\u00f6nd\u00edj z\u00e1r\u00f3esem\u00e9nye","og_description":"2016-ban Boldog Anita, az AB concrete design alap\u00edt\u00f3 tervez\u0151je, is a Moholy-Nagy L\u00e1szl\u00f3 Formatervez\u00e9si \u00d6szt\u00f6nd\u00edj nyertesei k\u00f6z\u00f6tt volt. A d\u00edjat 1989-ben","og_url":"https:\/\/abconcretedesign.com\/hu\/zaro-esemeny-moholy-nagy-laszlo-design-osztondij-2016\/","og_site_name":"AB Concrete Design","article_published_time":"2017-03-24T19:30:26+00:00","article_modified_time":"2019-10-25T09:50:50+00:00","og_image":[{"width":1600,"height":1068,"url":"https:\/\/abconcretedesign.com\/wp-content\/uploads\/2017\/03\/laszlo-moholy-nagy-design-grant-2016-event.jpg","type":"image\/jpeg"}],"author":"AB Concrete Design","twitter_card":"summary_large_image","schema":{"@context":"https:\/\/schema.org","@graph":[{"@type":"Article","@id":"https:\/\/abconcretedesign.com\/hu\/zaro-esemeny-moholy-nagy-laszlo-design-osztondij-2016\/#article","isPartOf":{"@id":"https:\/\/abconcretedesign.com\/hu\/zaro-esemeny-moholy-nagy-laszlo-design-osztondij-2016\/"},"author":{"name":"AB Concrete Design","@id":"https:\/\/abconcretedesign.com\/hu\/#\/schema\/person\/0a8b63622f7b0d0f5f8fee62a4ecc6b5"},"headline":"A 2016-os Moholy-Nagy L\u00e1szl\u00f3 Formatervez\u00e9si \u00d6szt\u00f6nd\u00edj z\u00e1r\u00f3esem\u00e9nye","datePublished":"2017-03-24T19:30:26+00:00","dateModified":"2019-10-25T09:50:50+00:00","mainEntityOfPage":{"@id":"https:\/\/abconcretedesign.com\/hu\/zaro-esemeny-moholy-nagy-laszlo-design-osztondij-2016\/"},"wordCount":562,"publisher":{"@id":"https:\/\/abconcretedesign.com\/hu\/#organization"},"image":{"@id":"https:\/\/abconcretedesign.com\/hu\/zaro-esemeny-moholy-nagy-laszlo-design-osztondij-2016\/#primaryimage"},"thumbnailUrl":"https:\/\/abconcretedesign.com\/wp-content\/uploads\/2017\/03\/laszlo-moholy-nagy-design-grant-2016-event.jpg","keywords":["exhibition","partner gift"],"articleSection":["event"],"inLanguage":"hu"},{"@type":"WebPage","@id":"https:\/\/abconcretedesign.com\/hu\/zaro-esemeny-moholy-nagy-laszlo-design-osztondij-2016\/","url":"https:\/\/abconcretedesign.com\/hu\/zaro-esemeny-moholy-nagy-laszlo-design-osztondij-2016\/","name":"A 2016-os Moholy-Nagy L\u00e1szl\u00f3 Formatervez\u00e9si \u00d6szt\u00f6nd\u00edj z\u00e1r\u00f3esem\u00e9nye &#187; AB Concrete Design","isPartOf":{"@id":"https:\/\/abconcretedesign.com\/hu\/#website"},"primaryImageOfPage":{"@id":"https:\/\/abconcretedesign.com\/hu\/zaro-esemeny-moholy-nagy-laszlo-design-osztondij-2016\/#primaryimage"},"image":{"@id":"https:\/\/abconcretedesign.com\/hu\/zaro-esemeny-moholy-nagy-laszlo-design-osztondij-2016\/#primaryimage"},"thumbnailUrl":"https:\/\/abconcretedesign.com\/wp-content\/uploads\/2017\/03\/laszlo-moholy-nagy-design-grant-2016-event.jpg","datePublished":"2017-03-24T19:30:26+00:00","dateModified":"2019-10-25T09:50:50+00:00","description":"In 2016, Anita Boldog, founding designer of AB concrete design, was among the winners of the Moholy-Nagy L\u00e1szl\u00f3 Design Scholarship.","breadcrumb":{"@id":"https:\/\/abconcretedesign.com\/hu\/zaro-esemeny-moholy-nagy-laszlo-design-osztondij-2016\/#breadcrumb"},"inLanguage":"hu","potentialAction":[{"@type":"ReadAction","target":["https:\/\/abconcretedesign.com\/hu\/zaro-esemeny-moholy-nagy-laszlo-design-osztondij-2016\/"]}]},{"@type":"ImageObject","inLanguage":"hu","@id":"https:\/\/abconcretedesign.com\/hu\/zaro-esemeny-moholy-nagy-laszlo-design-osztondij-2016\/#primaryimage","url":"https:\/\/abconcretedesign.com\/wp-content\/uploads\/2017\/03\/laszlo-moholy-nagy-design-grant-2016-event.jpg","contentUrl":"https:\/\/abconcretedesign.com\/wp-content\/uploads\/2017\/03\/laszlo-moholy-nagy-design-grant-2016-event.jpg","width":1600,"height":1068},{"@type":"BreadcrumbList","@id":"https:\/\/abconcretedesign.com\/hu\/zaro-esemeny-moholy-nagy-laszlo-design-osztondij-2016\/#breadcrumb","itemListElement":[{"@type":"ListItem","position":1,"name":"F\u0151oldal","item":"https:\/\/abconcretedesign.com\/hu\/"},{"@type":"ListItem","position":2,"name":"A 2016-os Moholy-Nagy L\u00e1szl\u00f3 Formatervez\u00e9si \u00d6szt\u00f6nd\u00edj z\u00e1r\u00f3esem\u00e9nye"}]},{"@type":"WebSite","@id":"https:\/\/abconcretedesign.com\/hu\/#website","url":"https:\/\/abconcretedesign.com\/hu\/","name":"AB Concrete Design and Business Gifts","description":"Beton Design T\u00e1rgyak, \u00c9kszer \u00e9s \u00dczleti Aj\u00e1nd\u00e9k, Beton Tr\u00f3fe\u00e1k","publisher":{"@id":"https:\/\/abconcretedesign.com\/hu\/#organization"},"potentialAction":[{"@type":"SearchAction","target":{"@type":"EntryPoint","urlTemplate":"https:\/\/abconcretedesign.com\/hu\/?s={search_term_string}"},"query-input":{"@type":"PropertyValueSpecification","valueRequired":true,"valueName":"search_term_string"}}],"inLanguage":"hu"},{"@type":"Organization","@id":"https:\/\/abconcretedesign.com\/hu\/#organization","name":"AB Concrete Design","url":"https:\/\/abconcretedesign.com\/hu\/","logo":{"@type":"ImageObject","inLanguage":"hu","@id":"https:\/\/abconcretedesign.com\/hu\/#\/schema\/logo\/image\/","url":"https:\/\/abconcretedesign.com\/wp-content\/uploads\/2019\/04\/ab-concrete-design-logo.jpg","contentUrl":"https:\/\/abconcretedesign.com\/wp-content\/uploads\/2019\/04\/ab-concrete-design-logo.jpg","width":351,"height":89,"caption":"AB Concrete Design"},"image":{"@id":"https:\/\/abconcretedesign.com\/hu\/#\/schema\/logo\/image\/"}},{"@type":"Person","@id":"https:\/\/abconcretedesign.com\/hu\/#\/schema\/person\/0a8b63622f7b0d0f5f8fee62a4ecc6b5","name":"AB Concrete Design","sameAs":["https:\/\/abconcretedesign.com"]}]}},"_links":{"self":[{"href":"https:\/\/abconcretedesign.com\/hu\/wp-json\/wp\/v2\/posts\/3574","targetHints":{"allow":["GET"]}}],"collection":[{"href":"https:\/\/abconcretedesign.com\/hu\/wp-json\/wp\/v2\/posts"}],"about":[{"href":"https:\/\/abconcretedesign.com\/hu\/wp-json\/wp\/v2\/types\/post"}],"author":[{"embeddable":true,"href":"https:\/\/abconcretedesign.com\/hu\/wp-json\/wp\/v2\/users\/2"}],"replies":[{"embeddable":true,"href":"https:\/\/abconcretedesign.com\/hu\/wp-json\/wp\/v2\/comments?post=3574"}],"version-history":[{"count":3,"href":"https:\/\/abconcretedesign.com\/hu\/wp-json\/wp\/v2\/posts\/3574\/revisions"}],"predecessor-version":[{"id":4135,"href":"https:\/\/abconcretedesign.com\/hu\/wp-json\/wp\/v2\/posts\/3574\/revisions\/4135"}],"wp:featuredmedia":[{"embeddable":true,"href":"https:\/\/abconcretedesign.com\/hu\/wp-json\/wp\/v2\/media\/3536"}],"wp:attachment":[{"href":"https:\/\/abconcretedesign.com\/hu\/wp-json\/wp\/v2\/media?parent=3574"}],"wp:term":[{"taxonomy":"category","embeddable":true,"href":"https:\/\/abconcretedesign.com\/hu\/wp-json\/wp\/v2\/categories?post=3574"},{"taxonomy":"post_tag","embeddable":true,"href":"https:\/\/abconcretedesign.com\/hu\/wp-json\/wp\/v2\/tags?post=3574"}],"curies":[{"name":"wp","href":"https:\/\/api.w.org\/{rel}","templated":true}]}}