{"id":22270,"date":"2022-02-02T07:28:19","date_gmt":"2022-02-02T06:28:19","guid":{"rendered":"https:\/\/abconcretedesign.com\/ab-concrete-design-x-odor-viktor-ab-cubo-collab-2021\/"},"modified":"2022-02-03T10:14:16","modified_gmt":"2022-02-03T09:14:16","slug":"ab-concrete-design-x-odor-viktor-ab-cubo-collab-2021","status":"publish","type":"post","link":"https:\/\/abconcretedesign.com\/hu\/ab-concrete-design-x-odor-viktor-ab-cubo-collab-2021\/","title":{"rendered":"AB Concrete Design x \u00d3dor Viktor \/ AB CUBO Collab 2021"},"content":{"rendered":"<h2>Bemutatjuk \u00d3dor Viktor <a href=\"https:\/\/www.instagram.com\/overmindink\/\">\/@overmindink\/<\/a> tetov\u00e1l\u00f3 m\u0171v\u00e9sztaki elmes\u00e9lte nek\u00fcnk, hogyan lehet az emberi test term\u00e9szetes vonalait felhaszn\u00e1lva izgalmas mint\u00e1kat alkotni, illetve, hogy milyen \u00e9lm\u00e9ny volt az AB CUBO COLLAB projekt keretein bel\u00fcl kil\u00e9pni a k\u00e9tdimenzi\u00f3s vil\u00e1gb\u00f3l, \u00e9s felfedezni a 3D-ben alkot\u00e1s \u00e9rdekess\u00e9geit \u00e9s kih\u00edv\u00e1sait.<\/h2>\n\t<div id=\"gap-2033422038\" class=\"gap-element clearfix\" style=\"display:block; height:auto;\">\n\t\t\n<style>\n#gap-2033422038 {\n  padding-top: 60px;\n}\n<\/style>\n\t<\/div>\n\t\n<div class=\"row\"  id=\"row-62004587\">\n\n\t<div id=\"col-1087319285\" class=\"col medium-6 small-12 large-6\"  >\n\t\t\t\t<div class=\"col-inner\"  >\n\t\t\t\n\t\t\t\n<h3>Mit gondolsz, mi\u00e9rt fontos, hogy olyan t\u00e1rgyak \u00e9s term\u00e9kek is legyenek a k\u00f6rnyezet\u00fcnkben, amiket nem t\u00f6megesen gy\u00e1rtottak, hanem egyedileg, kis darabsz\u00e1mban k\u00e9sz\u00edtettek?<\/h3>\n\t<div id=\"gap-2128105934\" class=\"gap-element clearfix\" style=\"display:block; height:auto;\">\n\t\t\n<style>\n#gap-2128105934 {\n  padding-top: 30px;\n}\n<\/style>\n\t<\/div>\n\t\n<p>Az a helyzet, hogy a k\u00fcl\u00f6nf\u00e9le t\u00e1rgyak gy\u00fcjt\u00e9se \u00e9s birtokl\u00e1sa egyszer\u0171en nem az \u00e9n sportom. De. Egyfel\u0151l fontosnak tartom a tehets\u00e9ges k\u00e9pz\u0151- \u00e9s iparm\u0171v\u00e9szek t\u00e1mogat\u00e1s\u00e1t, m\u00e1sfel\u0151l el tudom k\u00e9pzelni, hogy egy-egy ilyen gondosan felkutatott, kiv\u00e1lasztott majd megv\u00e1s\u00e1rolt holmi \u00faj sz\u00ednt visz a h\u00e9tk\u00f6znapokba, otthont var\u00e1zsol a lak\u00e1sunkb\u00f3l, elviselhet\u0151v\u00e9 teszi a munkahelyet, inspir\u00e1l, elgondolkodtat, kikapcsol. Ugyanakkor fogyaszt\u00f3k\u00e9nt fontos az eg\u00e9szs\u00e9ges egyens\u00faly a t\u00f6megterm\u00e9kek \u00e9s az egyedi darabok k\u00f6z\u00f6tt.<\/p>\n\t\t<\/div>\n\t\t\t\t\t<\/div>\n\n\t\n\n\t<div id=\"col-1750508013\" class=\"col medium-1 small-12 large-1\"  >\n\t\t\t\t<div class=\"col-inner\"  >\n\t\t\t\n\t\t\t\n\t\t<\/div>\n\t\t\t\t\t<\/div>\n\n\t\n\n\t<div id=\"col-912538940\" class=\"col medium-5 small-12 large-5\"  >\n\t\t\t\t<div class=\"col-inner\"  >\n\t\t\t\n\t\t\t\n\t<div class=\"img has-hover x md-x lg-x y md-y lg-y\" id=\"image_1133902564\">\n\t\t\t\t\t\t\t\t<div class=\"img-inner dark\" >\n\t\t\t<img loading=\"lazy\" decoding=\"async\" width=\"533\" height=\"800\" src=\"https:\/\/abconcretedesign.com\/wp-content\/uploads\/2022\/02\/odor-viktor-artist-tattoo-533x800.jpg\" class=\"attachment-large size-large\" alt=\"odor viktor artist tattoo\" srcset=\"https:\/\/abconcretedesign.com\/wp-content\/uploads\/2022\/02\/odor-viktor-artist-tattoo-533x800.jpg 533w, https:\/\/abconcretedesign.com\/wp-content\/uploads\/2022\/02\/odor-viktor-artist-tattoo-510x765.jpg 510w, https:\/\/abconcretedesign.com\/wp-content\/uploads\/2022\/02\/odor-viktor-artist-tattoo-266x400.jpg 266w, https:\/\/abconcretedesign.com\/wp-content\/uploads\/2022\/02\/odor-viktor-artist-tattoo-768x1153.jpg 768w, https:\/\/abconcretedesign.com\/wp-content\/uploads\/2022\/02\/odor-viktor-artist-tattoo-600x901.jpg 600w, https:\/\/abconcretedesign.com\/wp-content\/uploads\/2022\/02\/odor-viktor-artist-tattoo.jpg 1066w\" sizes=\"auto, (max-width: 533px) 100vw, 533px\" \/>\t\t\t\t\t\t\n\t\t\t\t\t<\/div>\n\t\t\t\t\t\t\t\t\n<style>\n#image_1133902564 {\n  width: 100%;\n}\n<\/style>\n\t<\/div>\n\t\n\t\t<\/div>\n\t\t\t\t\t<\/div>\n\n\t\n<\/div>\n\t<div id=\"gap-1841491781\" class=\"gap-element clearfix\" style=\"display:block; height:auto;\">\n\t\t\n<style>\n#gap-1841491781 {\n  padding-top: 30px;\n}\n<\/style>\n\t<\/div>\n\t\n<h3>Sz\u00e1modra mit jelent a design kifejez\u00e9s?<\/h3>\n\t<div id=\"gap-733690393\" class=\"gap-element clearfix\" style=\"display:block; height:auto;\">\n\t\t\n<style>\n#gap-733690393 {\n  padding-top: 30px;\n}\n<\/style>\n\t<\/div>\n\t\n<p>Els\u0151re a t\u00e1rgytervez\u00e9s ugrik be, valamint az a h\u00e1tborzongat\u00f3 \u00e9rz\u00e9s ami akkor fog el hogy ha belegondolok, hogy minden minket k\u00f6r\u00fclvev\u0151 hasznos \u00e9s haszontalan t\u00e1rgy hosszas \u00e9s gondos tervez\u00e9s, fejleszt\u00e9s v\u00e9geredm\u00e9nye. Teh\u00e1t a design sz\u00e1momra semmik\u00e9pp nem egy Los Angeles-i kriptomilliomos nappalij\u00e1ba be\u00e9kelt Zaha Hadid objektumot vagy white cube-okban gondosan elhelyezett f\u00f6ld\u00f6nt\u00fali hochkunstot jelent amit csak az arra \u00e9rdemesek tapasztalhatnak meg, hanem sokkal ink\u00e1bb a h\u00e9tk\u00f6znapok r\u00e9sz\u00e9t, azt a pluszt ami &#8211; az arra fog\u00e9konyaknak &#8211; egy elviselhet\u0151bb helly\u00e9 teszi ezt a vil\u00e1got. \u00c9s m\u00e9g haszn\u00e1lhat\u00f3 is. Funkcion\u00e1lis eszt\u00e9tika teh\u00e1t, az \u00edzl\u00e9sr\u0151l meg nem besz\u00e9lget\u00fcnk.<\/p>\n\t<div id=\"gap-1447125856\" class=\"gap-element clearfix\" style=\"display:block; height:auto;\">\n\t\t\n<style>\n#gap-1447125856 {\n  padding-top: 30px;\n}\n<\/style>\n\t<\/div>\n\t\n<div class=\"row\"  id=\"row-1315603346\">\n\n\t<div id=\"col-1923299272\" class=\"col medium-4 small-12 large-4\"  >\n\t\t\t\t<div class=\"col-inner\"  >\n\t\t\t\n\t\t\t\n\t<div class=\"img has-hover x md-x lg-x y md-y lg-y\" id=\"image_815133079\">\n\t\t\t\t\t\t\t\t<div class=\"img-inner dark\" >\n\t\t\t<img loading=\"lazy\" decoding=\"async\" width=\"801\" height=\"800\" src=\"https:\/\/abconcretedesign.com\/wp-content\/uploads\/2022\/02\/odor-viktor-tattoo-artist-801x800.jpg\" class=\"attachment-large size-large\" alt=\"odor viktor tattoo artist\" srcset=\"https:\/\/abconcretedesign.com\/wp-content\/uploads\/2022\/02\/odor-viktor-tattoo-artist-801x800.jpg 801w, https:\/\/abconcretedesign.com\/wp-content\/uploads\/2022\/02\/odor-viktor-tattoo-artist-100x100.jpg 100w, https:\/\/abconcretedesign.com\/wp-content\/uploads\/2022\/02\/odor-viktor-tattoo-artist-510x509.jpg 510w, https:\/\/abconcretedesign.com\/wp-content\/uploads\/2022\/02\/odor-viktor-tattoo-artist-400x400.jpg 400w, https:\/\/abconcretedesign.com\/wp-content\/uploads\/2022\/02\/odor-viktor-tattoo-artist-280x280.jpg 280w, https:\/\/abconcretedesign.com\/wp-content\/uploads\/2022\/02\/odor-viktor-tattoo-artist-768x767.jpg 768w, https:\/\/abconcretedesign.com\/wp-content\/uploads\/2022\/02\/odor-viktor-tattoo-artist-600x599.jpg 600w, https:\/\/abconcretedesign.com\/wp-content\/uploads\/2022\/02\/odor-viktor-tattoo-artist.jpg 924w\" sizes=\"auto, (max-width: 801px) 100vw, 801px\" \/>\t\t\t\t\t\t\n\t\t\t\t\t<\/div>\n\t\t\t\t\t\t\t\t\n<style>\n#image_815133079 {\n  width: 100%;\n}\n<\/style>\n\t<\/div>\n\t\n\t\t<\/div>\n\t\t\t\t\t<\/div>\n\n\t\n\n\t<div id=\"col-415680535\" class=\"col medium-4 small-12 large-4\"  >\n\t\t\t\t<div class=\"col-inner\"  >\n\t\t\t\n\t\t\t\n\t<div class=\"img has-hover x md-x lg-x y md-y lg-y\" id=\"image_1764176250\">\n\t\t\t\t\t\t\t\t<div class=\"img-inner dark\" >\n\t\t\t<img loading=\"lazy\" decoding=\"async\" width=\"714\" height=\"800\" src=\"https:\/\/abconcretedesign.com\/wp-content\/uploads\/2022\/02\/viktor-odor-tattoo-design-714x800.jpg\" class=\"attachment-large size-large\" alt=\"viktor odor tattoo design\" srcset=\"https:\/\/abconcretedesign.com\/wp-content\/uploads\/2022\/02\/viktor-odor-tattoo-design-714x800.jpg 714w, https:\/\/abconcretedesign.com\/wp-content\/uploads\/2022\/02\/viktor-odor-tattoo-design-510x571.jpg 510w, https:\/\/abconcretedesign.com\/wp-content\/uploads\/2022\/02\/viktor-odor-tattoo-design-357x400.jpg 357w, https:\/\/abconcretedesign.com\/wp-content\/uploads\/2022\/02\/viktor-odor-tattoo-design-768x860.jpg 768w, https:\/\/abconcretedesign.com\/wp-content\/uploads\/2022\/02\/viktor-odor-tattoo-design-600x672.jpg 600w, https:\/\/abconcretedesign.com\/wp-content\/uploads\/2022\/02\/viktor-odor-tattoo-design.jpg 1064w\" sizes=\"auto, (max-width: 714px) 100vw, 714px\" \/>\t\t\t\t\t\t\n\t\t\t\t\t<\/div>\n\t\t\t\t\t\t\t\t\n<style>\n#image_1764176250 {\n  width: 100%;\n}\n<\/style>\n\t<\/div>\n\t\n\t\t<\/div>\n\t\t\t\t\t<\/div>\n\n\t\n\n\t<div id=\"col-482705515\" class=\"col medium-4 small-12 large-4\"  >\n\t\t\t\t<div class=\"col-inner\"  >\n\t\t\t\n\t\t\t\n\t<div class=\"img has-hover x md-x lg-x y md-y lg-y\" id=\"image_52876336\">\n\t\t\t\t\t\t\t\t<div class=\"img-inner dark\" >\n\t\t\t<img loading=\"lazy\" decoding=\"async\" width=\"800\" height=\"800\" src=\"https:\/\/abconcretedesign.com\/wp-content\/uploads\/2022\/02\/tattoo-design-by-odor-viktor-800x800.jpg\" class=\"attachment-large size-large\" alt=\"tattoo design by odor viktor\" srcset=\"https:\/\/abconcretedesign.com\/wp-content\/uploads\/2022\/02\/tattoo-design-by-odor-viktor-800x800.jpg 800w, https:\/\/abconcretedesign.com\/wp-content\/uploads\/2022\/02\/tattoo-design-by-odor-viktor-100x100.jpg 100w, https:\/\/abconcretedesign.com\/wp-content\/uploads\/2022\/02\/tattoo-design-by-odor-viktor-510x510.jpg 510w, https:\/\/abconcretedesign.com\/wp-content\/uploads\/2022\/02\/tattoo-design-by-odor-viktor-400x400.jpg 400w, https:\/\/abconcretedesign.com\/wp-content\/uploads\/2022\/02\/tattoo-design-by-odor-viktor-280x280.jpg 280w, https:\/\/abconcretedesign.com\/wp-content\/uploads\/2022\/02\/tattoo-design-by-odor-viktor-768x768.jpg 768w, https:\/\/abconcretedesign.com\/wp-content\/uploads\/2022\/02\/tattoo-design-by-odor-viktor-600x600.jpg 600w, https:\/\/abconcretedesign.com\/wp-content\/uploads\/2022\/02\/tattoo-design-by-odor-viktor.jpg 1249w\" sizes=\"auto, (max-width: 800px) 100vw, 800px\" \/>\t\t\t\t\t\t\n\t\t\t\t\t<\/div>\n\t\t\t\t\t\t\t\t\n<style>\n#image_52876336 {\n  width: 100%;\n}\n<\/style>\n\t<\/div>\n\t\n\t\t<\/div>\n\t\t\t\t\t<\/div>\n\n\t\n<\/div>\n\t<div id=\"gap-1308894290\" class=\"gap-element clearfix\" style=\"display:block; height:auto;\">\n\t\t\n<style>\n#gap-1308894290 {\n  padding-top: 30px;\n}\n<\/style>\n\t<\/div>\n\t\n<h3>Tetov\u00e1l\u00f3k\u00e9nt jelenleg mi izgatja legink\u00e1bb a fant\u00e1zi\u00e1dat? Fontos neked, hogy feszegesd a szakma hat\u00e1rait? Fontos neked, hogy feszegesd a szakma hat\u00e1rait?<\/h3>\n\t<div id=\"gap-2012064498\" class=\"gap-element clearfix\" style=\"display:block; height:auto;\">\n\t\t\n<style>\n#gap-2012064498 {\n  padding-top: 30px;\n}\n<\/style>\n\t<\/div>\n\t\n<div class=\"row\"  id=\"row-998381730\">\n\n\t<div id=\"col-119092651\" class=\"col medium-4 small-12 large-4\"  >\n\t\t\t\t<div class=\"col-inner\"  >\n\t\t\t\n\t\t\t\n\t<div class=\"img has-hover x md-x lg-x y md-y lg-y\" id=\"image_353587932\">\n\t\t\t\t\t\t\t\t<div class=\"img-inner dark\" >\n\t\t\t<img loading=\"lazy\" decoding=\"async\" width=\"782\" height=\"800\" src=\"https:\/\/abconcretedesign.com\/wp-content\/uploads\/2022\/02\/tatto-design-viktor-odor-782x800.jpg\" class=\"attachment-large size-large\" alt=\"tatto design viktor odor\" srcset=\"https:\/\/abconcretedesign.com\/wp-content\/uploads\/2022\/02\/tatto-design-viktor-odor-782x800.jpg 782w, https:\/\/abconcretedesign.com\/wp-content\/uploads\/2022\/02\/tatto-design-viktor-odor-510x522.jpg 510w, https:\/\/abconcretedesign.com\/wp-content\/uploads\/2022\/02\/tatto-design-viktor-odor-391x400.jpg 391w, https:\/\/abconcretedesign.com\/wp-content\/uploads\/2022\/02\/tatto-design-viktor-odor-768x786.jpg 768w, https:\/\/abconcretedesign.com\/wp-content\/uploads\/2022\/02\/tatto-design-viktor-odor-600x614.jpg 600w, https:\/\/abconcretedesign.com\/wp-content\/uploads\/2022\/02\/tatto-design-viktor-odor.jpg 1067w\" sizes=\"auto, (max-width: 782px) 100vw, 782px\" \/>\t\t\t\t\t\t\n\t\t\t\t\t<\/div>\n\t\t\t\t\t\t\t\t\n<style>\n#image_353587932 {\n  width: 100%;\n}\n<\/style>\n\t<\/div>\n\t\n\t\t<\/div>\n\t\t\t\t\t<\/div>\n\n\t\n\n\t<div id=\"col-1001450861\" class=\"col medium-1 small-12 large-1\"  >\n\t\t\t\t<div class=\"col-inner\"  >\n\t\t\t\n\t\t\t\n\t\t<\/div>\n\t\t\t\t\t<\/div>\n\n\t\n\n\t<div id=\"col-1456876871\" class=\"col medium-7 small-12 large-7\"  >\n\t\t\t\t<div class=\"col-inner\"  >\n\t\t\t\n\t\t\t\n<p>Legink\u00e1bb az emberi test adta vonalak \u00e1ltal kirajzol\u00f3d\u00f3 \u00e1ramlatok meglovagl\u00e1sa, r\u00f6viden. Nonfigur\u00e1lis, neo tribalis \u00e1br\u00e1zol\u00e1sm\u00f3dok up to date, futurisztikus k\u00f6nt\u00f6sben, \u00fagy elhelyezve, hogy kiemelj\u00e9k az adott test el\u0151ny\u00f6s vagy hangs\u00falyos vonalait, adott esetben \u00fajrakeretezve azt. Mindez misztikumnak t\u0171nhet, de egy\u00e1ltal\u00e1n nem az, r\u00f6vid tanulm\u00e1nyoz\u00e1s ut\u00e1n kirajzol\u00f3dnak ezek a vonalak, az izmok, inak, csontok t\u00e9rk\u00e9pein.<\/p>\n\t\t<\/div>\n\t\t\t\t\t<\/div>\n\n\t\n<\/div>\n<p>A hat\u00e1rok viszonylag merevek, gondolok itt az adott dimenzi\u00f3kra, technik\u00e1kra, eszk\u00f6z\u00f6kre, de az\u00e9rt akadnak \u00fajdons\u00e1gok. Szem\u00e9ly szerint nagyon izgalmasnak tartom a transzhumanizmust, az ember-g\u00e9p viszonylatokat \u00e9s a tudom\u00e1nyos fantasztikum \u00e1ltal felskiccelt j\u00f6v\u0151k\u00e9peket. Ebbe az ir\u00e1nyba szeretn\u00e9k haladni a saj\u00e1t munk\u00e1immal, m\u00e1r ami az eszt\u00e9tik\u00e1t illeti.<\/p>\n\t<div id=\"gap-328530345\" class=\"gap-element clearfix\" style=\"display:block; height:auto;\">\n\t\t\n<style>\n#gap-328530345 {\n  padding-top: 30px;\n}\n<\/style>\n\t<\/div>\n\t\n<div class=\"row\"  id=\"row-318447530\">\n\n\t<div id=\"col-1844607773\" class=\"col medium-6 small-12 large-6\"  >\n\t\t\t\t<div class=\"col-inner\"  >\n\t\t\t\n\t\t\t\n<h3>Mikor v\u00e1lt sz\u00e1modra egy\u00e9rtelm\u0171v\u00e9, hogy k\u00e9pz\u0151m\u0171v\u00e9szettel szeretn\u00e9l foglalkozni?<\/h3>\n\t<div id=\"gap-993182594\" class=\"gap-element clearfix\" style=\"display:block; height:auto;\">\n\t\t\n<style>\n#gap-993182594 {\n  padding-top: 30px;\n}\n<\/style>\n\t<\/div>\n\t\n<p>V\u00e9kony j\u00e9g ez. K\u00f6vezzenek meg, de nem soroln\u00e1m a tetov\u00e1l\u00e1st a k\u00e9pz\u0151m\u0171v\u00e9szetek k\u00f6z\u00e9, sokkal ink\u00e1bb k\u00f6zel\u00edt az alkalmazott grafik\u00e1hoz. Egy igaz\u00e1n izgalmas \u00e9s sz\u00e1momra gy\u00f6ny\u00f6r\u0171 szakma ez, ahol term\u00e9szetesen vannak m\u00e9lyebb dimenzi\u00f3k, elk\u00e9peszt\u0151 v\u00edzi\u00f3k, de az esetek nagy r\u00e9sz\u00e9ben ez egy szolg\u00e1ltat\u00e1s, ami igencsak a felsz\u00ednt karcolgatja, gondolok itt az unalomig ism\u00e9telt t\u00e9m\u00e1kra vagy mint\u00e1kra. De a k\u00e9rd\u00e9sre v\u00e1laszolva; akkor d\u00f6nt\u00f6ttem el, hogy tetov\u00e1l\u00f3 akarok lenni, amikor el\u0151sz\u00f6r tetov\u00e1ltam magam.<\/p>\n\t\t<\/div>\n\t\t\t\t\t<\/div>\n\n\t\n\n\t<div id=\"col-2025182462\" class=\"col medium-1 small-12 large-1\"  >\n\t\t\t\t<div class=\"col-inner\"  >\n\t\t\t\n\t\t\t\n\t\t<\/div>\n\t\t\t\t\t<\/div>\n\n\t\n\n\t<div id=\"col-1242816529\" class=\"col medium-5 small-12 large-5\"  >\n\t\t\t\t<div class=\"col-inner\"  >\n\t\t\t\n\t\t\t\n\t<div class=\"img has-hover x md-x lg-x y md-y lg-y\" id=\"image_1562482570\">\n\t\t\t\t\t\t\t\t<div class=\"img-inner dark\" >\n\t\t\t<img loading=\"lazy\" decoding=\"async\" width=\"613\" height=\"800\" src=\"https:\/\/abconcretedesign.com\/wp-content\/uploads\/2022\/02\/odor-viktor-tattoo-design-1-613x800.jpg\" class=\"attachment-large size-large\" alt=\"odor viktor tattoo design 1\" srcset=\"https:\/\/abconcretedesign.com\/wp-content\/uploads\/2022\/02\/odor-viktor-tattoo-design-1-613x800.jpg 613w, https:\/\/abconcretedesign.com\/wp-content\/uploads\/2022\/02\/odor-viktor-tattoo-design-1-510x666.jpg 510w, https:\/\/abconcretedesign.com\/wp-content\/uploads\/2022\/02\/odor-viktor-tattoo-design-1-306x400.jpg 306w, https:\/\/abconcretedesign.com\/wp-content\/uploads\/2022\/02\/odor-viktor-tattoo-design-1-768x1003.jpg 768w, https:\/\/abconcretedesign.com\/wp-content\/uploads\/2022\/02\/odor-viktor-tattoo-design-1-600x783.jpg 600w, https:\/\/abconcretedesign.com\/wp-content\/uploads\/2022\/02\/odor-viktor-tattoo-design-1.jpg 949w\" sizes=\"auto, (max-width: 613px) 100vw, 613px\" \/>\t\t\t\t\t\t\n\t\t\t\t\t<\/div>\n\t\t\t\t\t\t\t\t\n<style>\n#image_1562482570 {\n  width: 100%;\n}\n<\/style>\n\t<\/div>\n\t\n\t\t<\/div>\n\t\t\t\t\t<\/div>\n\n\t\n<\/div>\n<div class=\"row\"  id=\"row-1854340769\">\n\n\t<div id=\"col-1180933282\" class=\"col medium-6 small-12 large-6\"  >\n\t\t\t\t<div class=\"col-inner\"  >\n\t\t\t\n\t\t\t\n<h3>Hogyan ismerkedt\u00e9l meg az AB Concrete Desing-nal?<\/h3>\n\t\t<\/div>\n\t\t\t\t\t<\/div>\n\n\t\n\n\t<div id=\"col-313636807\" class=\"col medium-6 small-12 large-6\"  >\n\t\t\t\t<div class=\"col-inner\"  >\n\t\t\t\n\t\t\t\n<p>K\u00f6z\u00f6s ismer\u0151s\u00f6k\u00f6n kereszt\u00fcl ismerkedtem meg Anit\u00e1val \u00e9s a munk\u00e1ss\u00e1g\u00e1val.<\/p>\n\t\t<\/div>\n\t\t\t\t\t<\/div>\n\n\t\n<\/div>\n\t<div id=\"gap-620220253\" class=\"gap-element clearfix\" style=\"display:block; height:auto;\">\n\t\t\n<style>\n#gap-620220253 {\n  padding-top: 30px;\n}\n<\/style>\n\t<\/div>\n\t\n<div class=\"row row-large align-middle\"  id=\"row-589701616\">\n\n\t<div id=\"col-682232310\" class=\"col medium-6 small-12 large-6\"  >\n\t\t\t\t<div class=\"col-inner\"  >\n\t\t\t\n\t\t\t\n\t<div class=\"img has-hover x md-x lg-x y md-y lg-y\" id=\"image_418126598\">\n\t\t\t\t\t\t\t\t<div class=\"img-inner dark\" >\n\t\t\t<img loading=\"lazy\" decoding=\"async\" width=\"558\" height=\"800\" src=\"https:\/\/abconcretedesign.com\/wp-content\/uploads\/2022\/02\/viktor-odor-tattoo-558x800.jpg\" class=\"attachment-large size-large\" alt=\"viktor odor tattoo\" srcset=\"https:\/\/abconcretedesign.com\/wp-content\/uploads\/2022\/02\/viktor-odor-tattoo-558x800.jpg 558w, https:\/\/abconcretedesign.com\/wp-content\/uploads\/2022\/02\/viktor-odor-tattoo-510x731.jpg 510w, https:\/\/abconcretedesign.com\/wp-content\/uploads\/2022\/02\/viktor-odor-tattoo-279x400.jpg 279w, https:\/\/abconcretedesign.com\/wp-content\/uploads\/2022\/02\/viktor-odor-tattoo-768x1101.jpg 768w, https:\/\/abconcretedesign.com\/wp-content\/uploads\/2022\/02\/viktor-odor-tattoo-600x860.jpg 600w, https:\/\/abconcretedesign.com\/wp-content\/uploads\/2022\/02\/viktor-odor-tattoo.jpg 1116w\" sizes=\"auto, (max-width: 558px) 100vw, 558px\" \/>\t\t\t\t\t\t\n\t\t\t\t\t<\/div>\n\t\t\t\t\t\t\t\t\n<style>\n#image_418126598 {\n  width: 100%;\n}\n<\/style>\n\t<\/div>\n\t\n\t\t<\/div>\n\t\t\t\t\t<\/div>\n\n\t\n\n\t<div id=\"col-771922612\" class=\"col medium-6 small-12 large-6\"  >\n\t\t\t\t<div class=\"col-inner\"  >\n\t\t\t\n\t\t\t\n\t<div class=\"img has-hover x md-x lg-x y md-y lg-y\" id=\"image_71759349\">\n\t\t\t\t\t\t\t\t<div class=\"img-inner dark\" >\n\t\t\t<img loading=\"lazy\" decoding=\"async\" width=\"534\" height=\"800\" src=\"https:\/\/abconcretedesign.com\/wp-content\/uploads\/2022\/02\/odor-viktor-tattoo-534x800.jpg\" class=\"attachment-large size-large\" alt=\"odor viktor tattoo\" srcset=\"https:\/\/abconcretedesign.com\/wp-content\/uploads\/2022\/02\/odor-viktor-tattoo-534x800.jpg 534w, https:\/\/abconcretedesign.com\/wp-content\/uploads\/2022\/02\/odor-viktor-tattoo-510x764.jpg 510w, https:\/\/abconcretedesign.com\/wp-content\/uploads\/2022\/02\/odor-viktor-tattoo-267x400.jpg 267w, https:\/\/abconcretedesign.com\/wp-content\/uploads\/2022\/02\/odor-viktor-tattoo-768x1150.jpg 768w, https:\/\/abconcretedesign.com\/wp-content\/uploads\/2022\/02\/odor-viktor-tattoo-600x899.jpg 600w, https:\/\/abconcretedesign.com\/wp-content\/uploads\/2022\/02\/odor-viktor-tattoo.jpg 1068w\" sizes=\"auto, (max-width: 534px) 100vw, 534px\" \/>\t\t\t\t\t\t\n\t\t\t\t\t<\/div>\n\t\t\t\t\t\t\t\t\n<style>\n#image_71759349 {\n  width: 100%;\n}\n<\/style>\n\t<\/div>\n\t\n\t\t<\/div>\n\t\t\t\t\t<\/div>\n\n\t\n<\/div>\n\t<div id=\"gap-2072823814\" class=\"gap-element clearfix\" style=\"display:block; height:auto;\">\n\t\t\n<style>\n#gap-2072823814 {\n  padding-top: 30px;\n}\n<\/style>\n\t<\/div>\n\t\n\t<div id=\"gap-231318755\" class=\"gap-element clearfix\" style=\"display:block; height:auto;\">\n\t\t\n<style>\n#gap-231318755 {\n  padding-top: 30px;\n}\n<\/style>\n\t<\/div>\n\t\n<h3>Mi inspir\u00e1lt arra, hogy r\u00e9szt vegy\u00e9l az #ABCUBOCOLLAB2021 projektben?<\/h3>\n\t<div id=\"gap-802440404\" class=\"gap-element clearfix\" style=\"display:block; height:auto;\">\n\t\t\n<style>\n#gap-802440404 {\n  padding-top: 30px;\n}\n<\/style>\n\t<\/div>\n\t\n<div class=\"row\"  id=\"row-438735989\">\n\n\t<div id=\"col-1496921855\" class=\"col medium-7 small-12 large-7\"  >\n\t\t\t\t<div class=\"col-inner\"  >\n\t\t\t\n\t\t\t\n<p>Els\u0151sorban maga a felk\u00e9r\u00e9s, azt\u00e1n v\u00e9g\u00fcl is az \u00faj dimenzi\u00f3k. Sz\u00f3 szerint. Sejtettem hogy izgalmas lesz valamit a t\u00e9rben alkotni, kil\u00e9pni a k\u00e9tdimenzi\u00f3s vil\u00e1gb\u00f3l, \u00e9s ez be is j\u00f6tt.<\/p>\n<p>Term\u00e9szetesen teljesen kiment a fejemb\u0151l minden tan\u00e1cs, amit kaptam az anyaggal kapcsolatban, \u00fagyhogy volt k\u00f6zben egy \u00fajra feltal\u00e1l\u00e1si folyamat is, m\u00e1r ami az eszk\u00f6z\u00f6ket \u00e9s a met\u00f3dust illeti. \u00d6r\u00fcltem a k\u00f6z\u00f6s munk\u00e1nak.<\/p>\n\t\t<\/div>\n\t\t\t\t\t<\/div>\n\n\t\n\n\t<div id=\"col-1210843358\" class=\"col medium-1 small-12 large-1\"  >\n\t\t\t\t<div class=\"col-inner\"  >\n\t\t\t\n\t\t\t\n\t\t<\/div>\n\t\t\t\t\t<\/div>\n\n\t\n\n\t<div id=\"col-849725036\" class=\"col medium-4 small-12 large-4\"  >\n\t\t\t\t<div class=\"col-inner\"  >\n\t\t\t\n\t\t\t\n\t<div class=\"img has-hover x md-x lg-x y md-y lg-y\" id=\"image_893676152\">\n\t\t\t\t\t\t\t\t<div class=\"img-inner dark\" >\n\t\t\t<img loading=\"lazy\" decoding=\"async\" width=\"587\" height=\"800\" src=\"https:\/\/abconcretedesign.com\/wp-content\/uploads\/2022\/02\/viktor-odor-tattoo-portrait-587x800.jpg\" class=\"attachment-large size-large\" alt=\"viktor odor tattoo portrait\" srcset=\"https:\/\/abconcretedesign.com\/wp-content\/uploads\/2022\/02\/viktor-odor-tattoo-portrait-587x800.jpg 587w, https:\/\/abconcretedesign.com\/wp-content\/uploads\/2022\/02\/viktor-odor-tattoo-portrait-510x696.jpg 510w, https:\/\/abconcretedesign.com\/wp-content\/uploads\/2022\/02\/viktor-odor-tattoo-portrait-293x400.jpg 293w, https:\/\/abconcretedesign.com\/wp-content\/uploads\/2022\/02\/viktor-odor-tattoo-portrait-768x1047.jpg 768w, https:\/\/abconcretedesign.com\/wp-content\/uploads\/2022\/02\/viktor-odor-tattoo-portrait-600x818.jpg 600w, https:\/\/abconcretedesign.com\/wp-content\/uploads\/2022\/02\/viktor-odor-tattoo-portrait.jpg 1173w\" sizes=\"auto, (max-width: 587px) 100vw, 587px\" \/>\t\t\t\t\t\t\n\t\t\t\t\t<\/div>\n\t\t\t\t\t\t\t\t\n<style>\n#image_893676152 {\n  width: 100%;\n}\n<\/style>\n\t<\/div>\n\t\n\t\t<\/div>\n\t\t\t\t\t<\/div>\n\n\t\n<\/div>\n\t<div id=\"gap-602415130\" class=\"gap-element clearfix\" style=\"display:block; height:auto;\">\n\t\t\n<style>\n#gap-602415130 {\n  padding-top: 30px;\n}\n<\/style>\n\t<\/div>\n\t\n","protected":false},"excerpt":{"rendered":"<p>Bemutatjuk \u00d3dor Viktor \/@overmindink\/ tetov\u00e1l\u00f3 m\u0171v\u00e9sztaki elmes\u00e9lte nek\u00fcnk, hogyan lehet az emberi test term\u00e9szetes vonalait felhaszn\u00e1lva izgalmas mint\u00e1kat alkotni, illetve, hogy milyen \u00e9lm\u00e9ny volt az AB CUBO COLLAB projekt keretein bel\u00fcl kil\u00e9pni a k\u00e9tdimenzi\u00f3s vil\u00e1gb\u00f3l, \u00e9s felfedezni a 3D-ben alkot\u00e1s \u00e9rdekess\u00e9geit \u00e9s kih\u00edv\u00e1sait. Sz\u00e1modra mit jelent a design kifejez\u00e9s? Els\u0151re a t\u00e1rgytervez\u00e9s ugrik be, valamint [&#8230;]\n","protected":false},"author":2,"featured_media":22184,"comment_status":"closed","ping_status":"open","sticky":false,"template":"","format":"standard","meta":{"footnotes":""},"categories":[383],"tags":[386,389,400],"class_list":["post-22270","post","type-post","status-publish","format-standard","has-post-thumbnail","hentry","category-collaboration","tag-abcubocollab2021-hu","tag-interju","tag-muveszeti-projekt"],"yoast_head":"<!-- This site is optimized with the Yoast SEO Premium plugin v26.2 (Yoast SEO v27.4) - https:\/\/yoast.com\/product\/yoast-seo-premium-wordpress\/ -->\n<title>AB Concrete Design x \u00d3dor Viktor \/ AB CUBO Collab 2021 &#187; AB Concrete Design<\/title>\n<meta name=\"description\" content=\"Bemutatjuk \u00d3dor Viktor tetov\u00e1l\u00f3 m\u0171v\u00e9szt, aki elmes\u00e9lte nek\u00fcnk, hogyan lehet az emberi test vonalait felhaszn\u00e1lva mint\u00e1kat alkotni\" \/>\n<meta name=\"robots\" content=\"index, follow, max-snippet:-1, max-image-preview:large, max-video-preview:-1\" \/>\n<link rel=\"canonical\" href=\"https:\/\/abconcretedesign.com\/hu\/ab-concrete-design-x-odor-viktor-ab-cubo-collab-2021\/\" \/>\n<meta property=\"og:locale\" content=\"hu_HU\" \/>\n<meta property=\"og:type\" content=\"article\" \/>\n<meta property=\"og:title\" content=\"AB Concrete Design x \u00d3dor Viktor \/ AB CUBO Collab 2021\" \/>\n<meta property=\"og:description\" content=\"Bemutatjuk \u00d3dor Viktor \/@overmindink\/ tetov\u00e1l\u00f3 m\u0171v\u00e9sztaki elmes\u00e9lte nek\u00fcnk, hogyan lehet az emberi test term\u00e9szetes vonalait felhaszn\u00e1lva izgalmas\" \/>\n<meta property=\"og:url\" content=\"https:\/\/abconcretedesign.com\/hu\/ab-concrete-design-x-odor-viktor-ab-cubo-collab-2021\/\" \/>\n<meta property=\"og:site_name\" content=\"AB Concrete Design\" \/>\n<meta property=\"article:published_time\" content=\"2022-02-02T06:28:19+00:00\" \/>\n<meta property=\"article:modified_time\" content=\"2022-02-03T09:14:16+00:00\" \/>\n<meta property=\"og:image\" content=\"https:\/\/abconcretedesign.com\/wp-content\/uploads\/2022\/02\/odor-viktor-tattoo-artist.jpg\" \/>\n\t<meta property=\"og:image:width\" content=\"924\" \/>\n\t<meta property=\"og:image:height\" content=\"923\" \/>\n\t<meta property=\"og:image:type\" content=\"image\/jpeg\" \/>\n<meta name=\"author\" content=\"AB Concrete Design\" \/>\n<meta name=\"twitter:card\" content=\"summary_large_image\" \/>\n<script type=\"application\/ld+json\" class=\"yoast-schema-graph\">{\"@context\":\"https:\\\/\\\/schema.org\",\"@graph\":[{\"@type\":\"Article\",\"@id\":\"https:\\\/\\\/abconcretedesign.com\\\/hu\\\/ab-concrete-design-x-odor-viktor-ab-cubo-collab-2021\\\/#article\",\"isPartOf\":{\"@id\":\"https:\\\/\\\/abconcretedesign.com\\\/hu\\\/ab-concrete-design-x-odor-viktor-ab-cubo-collab-2021\\\/\"},\"author\":{\"name\":\"AB Concrete Design\",\"@id\":\"https:\\\/\\\/abconcretedesign.com\\\/hu\\\/#\\\/schema\\\/person\\\/0a8b63622f7b0d0f5f8fee62a4ecc6b5\"},\"headline\":\"AB Concrete Design x \u00d3dor Viktor \\\/ AB CUBO Collab 2021\",\"datePublished\":\"2022-02-02T06:28:19+00:00\",\"dateModified\":\"2022-02-03T09:14:16+00:00\",\"mainEntityOfPage\":{\"@id\":\"https:\\\/\\\/abconcretedesign.com\\\/hu\\\/ab-concrete-design-x-odor-viktor-ab-cubo-collab-2021\\\/\"},\"wordCount\":937,\"publisher\":{\"@id\":\"https:\\\/\\\/abconcretedesign.com\\\/hu\\\/#organization\"},\"image\":{\"@id\":\"https:\\\/\\\/abconcretedesign.com\\\/hu\\\/ab-concrete-design-x-odor-viktor-ab-cubo-collab-2021\\\/#primaryimage\"},\"thumbnailUrl\":\"https:\\\/\\\/abconcretedesign.com\\\/wp-content\\\/uploads\\\/2022\\\/02\\\/odor-viktor-tattoo-artist.jpg\",\"keywords\":[\"abcubocollab2021\",\"interj\u00fa\",\"m\u0171v\u00e9szeti projekt\"],\"articleSection\":[\"collaboration\"],\"inLanguage\":\"hu\"},{\"@type\":\"WebPage\",\"@id\":\"https:\\\/\\\/abconcretedesign.com\\\/hu\\\/ab-concrete-design-x-odor-viktor-ab-cubo-collab-2021\\\/\",\"url\":\"https:\\\/\\\/abconcretedesign.com\\\/hu\\\/ab-concrete-design-x-odor-viktor-ab-cubo-collab-2021\\\/\",\"name\":\"AB Concrete Design x \u00d3dor Viktor \\\/ AB CUBO Collab 2021 &#187; AB Concrete Design\",\"isPartOf\":{\"@id\":\"https:\\\/\\\/abconcretedesign.com\\\/hu\\\/#website\"},\"primaryImageOfPage\":{\"@id\":\"https:\\\/\\\/abconcretedesign.com\\\/hu\\\/ab-concrete-design-x-odor-viktor-ab-cubo-collab-2021\\\/#primaryimage\"},\"image\":{\"@id\":\"https:\\\/\\\/abconcretedesign.com\\\/hu\\\/ab-concrete-design-x-odor-viktor-ab-cubo-collab-2021\\\/#primaryimage\"},\"thumbnailUrl\":\"https:\\\/\\\/abconcretedesign.com\\\/wp-content\\\/uploads\\\/2022\\\/02\\\/odor-viktor-tattoo-artist.jpg\",\"datePublished\":\"2022-02-02T06:28:19+00:00\",\"dateModified\":\"2022-02-03T09:14:16+00:00\",\"description\":\"Bemutatjuk \u00d3dor Viktor tetov\u00e1l\u00f3 m\u0171v\u00e9szt, aki elmes\u00e9lte nek\u00fcnk, hogyan lehet az emberi test vonalait felhaszn\u00e1lva mint\u00e1kat alkotni\",\"breadcrumb\":{\"@id\":\"https:\\\/\\\/abconcretedesign.com\\\/hu\\\/ab-concrete-design-x-odor-viktor-ab-cubo-collab-2021\\\/#breadcrumb\"},\"inLanguage\":\"hu\",\"potentialAction\":[{\"@type\":\"ReadAction\",\"target\":[\"https:\\\/\\\/abconcretedesign.com\\\/hu\\\/ab-concrete-design-x-odor-viktor-ab-cubo-collab-2021\\\/\"]}]},{\"@type\":\"ImageObject\",\"inLanguage\":\"hu\",\"@id\":\"https:\\\/\\\/abconcretedesign.com\\\/hu\\\/ab-concrete-design-x-odor-viktor-ab-cubo-collab-2021\\\/#primaryimage\",\"url\":\"https:\\\/\\\/abconcretedesign.com\\\/wp-content\\\/uploads\\\/2022\\\/02\\\/odor-viktor-tattoo-artist.jpg\",\"contentUrl\":\"https:\\\/\\\/abconcretedesign.com\\\/wp-content\\\/uploads\\\/2022\\\/02\\\/odor-viktor-tattoo-artist.jpg\",\"width\":924,\"height\":923,\"caption\":\"odor viktor tetovalo muvesz\"},{\"@type\":\"BreadcrumbList\",\"@id\":\"https:\\\/\\\/abconcretedesign.com\\\/hu\\\/ab-concrete-design-x-odor-viktor-ab-cubo-collab-2021\\\/#breadcrumb\",\"itemListElement\":[{\"@type\":\"ListItem\",\"position\":1,\"name\":\"F\u0151oldal\",\"item\":\"https:\\\/\\\/abconcretedesign.com\\\/hu\\\/\"},{\"@type\":\"ListItem\",\"position\":2,\"name\":\"AB Concrete Design x \u00d3dor Viktor \\\/ AB CUBO Collab 2021\"}]},{\"@type\":\"WebSite\",\"@id\":\"https:\\\/\\\/abconcretedesign.com\\\/hu\\\/#website\",\"url\":\"https:\\\/\\\/abconcretedesign.com\\\/hu\\\/\",\"name\":\"AB Concrete Design and Business Gifts\",\"description\":\"Beton Design T\u00e1rgyak, \u00c9kszer \u00e9s \u00dczleti Aj\u00e1nd\u00e9k, Beton Tr\u00f3fe\u00e1k\",\"publisher\":{\"@id\":\"https:\\\/\\\/abconcretedesign.com\\\/hu\\\/#organization\"},\"potentialAction\":[{\"@type\":\"SearchAction\",\"target\":{\"@type\":\"EntryPoint\",\"urlTemplate\":\"https:\\\/\\\/abconcretedesign.com\\\/hu\\\/?s={search_term_string}\"},\"query-input\":{\"@type\":\"PropertyValueSpecification\",\"valueRequired\":true,\"valueName\":\"search_term_string\"}}],\"inLanguage\":\"hu\"},{\"@type\":\"Organization\",\"@id\":\"https:\\\/\\\/abconcretedesign.com\\\/hu\\\/#organization\",\"name\":\"AB Concrete Design\",\"url\":\"https:\\\/\\\/abconcretedesign.com\\\/hu\\\/\",\"logo\":{\"@type\":\"ImageObject\",\"inLanguage\":\"hu\",\"@id\":\"https:\\\/\\\/abconcretedesign.com\\\/hu\\\/#\\\/schema\\\/logo\\\/image\\\/\",\"url\":\"https:\\\/\\\/abconcretedesign.com\\\/wp-content\\\/uploads\\\/2019\\\/04\\\/ab-concrete-design-logo.jpg\",\"contentUrl\":\"https:\\\/\\\/abconcretedesign.com\\\/wp-content\\\/uploads\\\/2019\\\/04\\\/ab-concrete-design-logo.jpg\",\"width\":351,\"height\":89,\"caption\":\"AB Concrete Design\"},\"image\":{\"@id\":\"https:\\\/\\\/abconcretedesign.com\\\/hu\\\/#\\\/schema\\\/logo\\\/image\\\/\"}},{\"@type\":\"Person\",\"@id\":\"https:\\\/\\\/abconcretedesign.com\\\/hu\\\/#\\\/schema\\\/person\\\/0a8b63622f7b0d0f5f8fee62a4ecc6b5\",\"name\":\"AB Concrete Design\",\"sameAs\":[\"https:\\\/\\\/abconcretedesign.com\"]}]}<\/script>\n<!-- \/ Yoast SEO Premium plugin. -->","yoast_head_json":{"title":"AB Concrete Design x \u00d3dor Viktor \/ AB CUBO Collab 2021 &#187; AB Concrete Design","description":"Bemutatjuk \u00d3dor Viktor tetov\u00e1l\u00f3 m\u0171v\u00e9szt, aki elmes\u00e9lte nek\u00fcnk, hogyan lehet az emberi test vonalait felhaszn\u00e1lva mint\u00e1kat alkotni","robots":{"index":"index","follow":"follow","max-snippet":"max-snippet:-1","max-image-preview":"max-image-preview:large","max-video-preview":"max-video-preview:-1"},"canonical":"https:\/\/abconcretedesign.com\/hu\/ab-concrete-design-x-odor-viktor-ab-cubo-collab-2021\/","og_locale":"hu_HU","og_type":"article","og_title":"AB Concrete Design x \u00d3dor Viktor \/ AB CUBO Collab 2021","og_description":"Bemutatjuk \u00d3dor Viktor \/@overmindink\/ tetov\u00e1l\u00f3 m\u0171v\u00e9sztaki elmes\u00e9lte nek\u00fcnk, hogyan lehet az emberi test term\u00e9szetes vonalait felhaszn\u00e1lva izgalmas","og_url":"https:\/\/abconcretedesign.com\/hu\/ab-concrete-design-x-odor-viktor-ab-cubo-collab-2021\/","og_site_name":"AB Concrete Design","article_published_time":"2022-02-02T06:28:19+00:00","article_modified_time":"2022-02-03T09:14:16+00:00","og_image":[{"width":924,"height":923,"url":"https:\/\/abconcretedesign.com\/wp-content\/uploads\/2022\/02\/odor-viktor-tattoo-artist.jpg","type":"image\/jpeg"}],"author":"AB Concrete Design","twitter_card":"summary_large_image","schema":{"@context":"https:\/\/schema.org","@graph":[{"@type":"Article","@id":"https:\/\/abconcretedesign.com\/hu\/ab-concrete-design-x-odor-viktor-ab-cubo-collab-2021\/#article","isPartOf":{"@id":"https:\/\/abconcretedesign.com\/hu\/ab-concrete-design-x-odor-viktor-ab-cubo-collab-2021\/"},"author":{"name":"AB Concrete Design","@id":"https:\/\/abconcretedesign.com\/hu\/#\/schema\/person\/0a8b63622f7b0d0f5f8fee62a4ecc6b5"},"headline":"AB Concrete Design x \u00d3dor Viktor \/ AB CUBO Collab 2021","datePublished":"2022-02-02T06:28:19+00:00","dateModified":"2022-02-03T09:14:16+00:00","mainEntityOfPage":{"@id":"https:\/\/abconcretedesign.com\/hu\/ab-concrete-design-x-odor-viktor-ab-cubo-collab-2021\/"},"wordCount":937,"publisher":{"@id":"https:\/\/abconcretedesign.com\/hu\/#organization"},"image":{"@id":"https:\/\/abconcretedesign.com\/hu\/ab-concrete-design-x-odor-viktor-ab-cubo-collab-2021\/#primaryimage"},"thumbnailUrl":"https:\/\/abconcretedesign.com\/wp-content\/uploads\/2022\/02\/odor-viktor-tattoo-artist.jpg","keywords":["abcubocollab2021","interj\u00fa","m\u0171v\u00e9szeti projekt"],"articleSection":["collaboration"],"inLanguage":"hu"},{"@type":"WebPage","@id":"https:\/\/abconcretedesign.com\/hu\/ab-concrete-design-x-odor-viktor-ab-cubo-collab-2021\/","url":"https:\/\/abconcretedesign.com\/hu\/ab-concrete-design-x-odor-viktor-ab-cubo-collab-2021\/","name":"AB Concrete Design x \u00d3dor Viktor \/ AB CUBO Collab 2021 &#187; AB Concrete Design","isPartOf":{"@id":"https:\/\/abconcretedesign.com\/hu\/#website"},"primaryImageOfPage":{"@id":"https:\/\/abconcretedesign.com\/hu\/ab-concrete-design-x-odor-viktor-ab-cubo-collab-2021\/#primaryimage"},"image":{"@id":"https:\/\/abconcretedesign.com\/hu\/ab-concrete-design-x-odor-viktor-ab-cubo-collab-2021\/#primaryimage"},"thumbnailUrl":"https:\/\/abconcretedesign.com\/wp-content\/uploads\/2022\/02\/odor-viktor-tattoo-artist.jpg","datePublished":"2022-02-02T06:28:19+00:00","dateModified":"2022-02-03T09:14:16+00:00","description":"Bemutatjuk \u00d3dor Viktor tetov\u00e1l\u00f3 m\u0171v\u00e9szt, aki elmes\u00e9lte nek\u00fcnk, hogyan lehet az emberi test vonalait felhaszn\u00e1lva mint\u00e1kat alkotni","breadcrumb":{"@id":"https:\/\/abconcretedesign.com\/hu\/ab-concrete-design-x-odor-viktor-ab-cubo-collab-2021\/#breadcrumb"},"inLanguage":"hu","potentialAction":[{"@type":"ReadAction","target":["https:\/\/abconcretedesign.com\/hu\/ab-concrete-design-x-odor-viktor-ab-cubo-collab-2021\/"]}]},{"@type":"ImageObject","inLanguage":"hu","@id":"https:\/\/abconcretedesign.com\/hu\/ab-concrete-design-x-odor-viktor-ab-cubo-collab-2021\/#primaryimage","url":"https:\/\/abconcretedesign.com\/wp-content\/uploads\/2022\/02\/odor-viktor-tattoo-artist.jpg","contentUrl":"https:\/\/abconcretedesign.com\/wp-content\/uploads\/2022\/02\/odor-viktor-tattoo-artist.jpg","width":924,"height":923,"caption":"odor viktor tetovalo muvesz"},{"@type":"BreadcrumbList","@id":"https:\/\/abconcretedesign.com\/hu\/ab-concrete-design-x-odor-viktor-ab-cubo-collab-2021\/#breadcrumb","itemListElement":[{"@type":"ListItem","position":1,"name":"F\u0151oldal","item":"https:\/\/abconcretedesign.com\/hu\/"},{"@type":"ListItem","position":2,"name":"AB Concrete Design x \u00d3dor Viktor \/ AB CUBO Collab 2021"}]},{"@type":"WebSite","@id":"https:\/\/abconcretedesign.com\/hu\/#website","url":"https:\/\/abconcretedesign.com\/hu\/","name":"AB Concrete Design and Business Gifts","description":"Beton Design T\u00e1rgyak, \u00c9kszer \u00e9s \u00dczleti Aj\u00e1nd\u00e9k, Beton Tr\u00f3fe\u00e1k","publisher":{"@id":"https:\/\/abconcretedesign.com\/hu\/#organization"},"potentialAction":[{"@type":"SearchAction","target":{"@type":"EntryPoint","urlTemplate":"https:\/\/abconcretedesign.com\/hu\/?s={search_term_string}"},"query-input":{"@type":"PropertyValueSpecification","valueRequired":true,"valueName":"search_term_string"}}],"inLanguage":"hu"},{"@type":"Organization","@id":"https:\/\/abconcretedesign.com\/hu\/#organization","name":"AB Concrete Design","url":"https:\/\/abconcretedesign.com\/hu\/","logo":{"@type":"ImageObject","inLanguage":"hu","@id":"https:\/\/abconcretedesign.com\/hu\/#\/schema\/logo\/image\/","url":"https:\/\/abconcretedesign.com\/wp-content\/uploads\/2019\/04\/ab-concrete-design-logo.jpg","contentUrl":"https:\/\/abconcretedesign.com\/wp-content\/uploads\/2019\/04\/ab-concrete-design-logo.jpg","width":351,"height":89,"caption":"AB Concrete Design"},"image":{"@id":"https:\/\/abconcretedesign.com\/hu\/#\/schema\/logo\/image\/"}},{"@type":"Person","@id":"https:\/\/abconcretedesign.com\/hu\/#\/schema\/person\/0a8b63622f7b0d0f5f8fee62a4ecc6b5","name":"AB Concrete Design","sameAs":["https:\/\/abconcretedesign.com"]}]}},"_links":{"self":[{"href":"https:\/\/abconcretedesign.com\/hu\/wp-json\/wp\/v2\/posts\/22270","targetHints":{"allow":["GET"]}}],"collection":[{"href":"https:\/\/abconcretedesign.com\/hu\/wp-json\/wp\/v2\/posts"}],"about":[{"href":"https:\/\/abconcretedesign.com\/hu\/wp-json\/wp\/v2\/types\/post"}],"author":[{"embeddable":true,"href":"https:\/\/abconcretedesign.com\/hu\/wp-json\/wp\/v2\/users\/2"}],"replies":[{"embeddable":true,"href":"https:\/\/abconcretedesign.com\/hu\/wp-json\/wp\/v2\/comments?post=22270"}],"version-history":[{"count":5,"href":"https:\/\/abconcretedesign.com\/hu\/wp-json\/wp\/v2\/posts\/22270\/revisions"}],"predecessor-version":[{"id":22275,"href":"https:\/\/abconcretedesign.com\/hu\/wp-json\/wp\/v2\/posts\/22270\/revisions\/22275"}],"wp:featuredmedia":[{"embeddable":true,"href":"https:\/\/abconcretedesign.com\/hu\/wp-json\/wp\/v2\/media\/22184"}],"wp:attachment":[{"href":"https:\/\/abconcretedesign.com\/hu\/wp-json\/wp\/v2\/media?parent=22270"}],"wp:term":[{"taxonomy":"category","embeddable":true,"href":"https:\/\/abconcretedesign.com\/hu\/wp-json\/wp\/v2\/categories?post=22270"},{"taxonomy":"post_tag","embeddable":true,"href":"https:\/\/abconcretedesign.com\/hu\/wp-json\/wp\/v2\/tags?post=22270"}],"curies":[{"name":"wp","href":"https:\/\/api.w.org\/{rel}","templated":true}]}}