{"id":19851,"date":"2021-08-10T11:23:04","date_gmt":"2021-08-10T09:23:04","guid":{"rendered":"https:\/\/abconcretedesign.com\/ab-concrete-design-x-molnar-gergely-cubo-collab-2021\/"},"modified":"2021-08-10T14:49:57","modified_gmt":"2021-08-10T12:49:57","slug":"ab-concrete-design-x-molnar-gergely-cubo-collab-2021","status":"publish","type":"post","link":"https:\/\/abconcretedesign.com\/hu\/ab-concrete-design-x-molnar-gergely-cubo-collab-2021\/","title":{"rendered":"AB Concrete Design x Moln\u00e1r Gergely \/ AB CUBO Collab 2021"},"content":{"rendered":"<h3>Moln\u00e1r Gergely egy grafikus, m\u00e9rn\u00f6ki gondolkod\u00e1ssal. Ami k\u00f6z\u00f6s benne, \u00e9s az AB Concrete Design-ban, az az \u00f6r\u00f6k k\u00edv\u00e1ncsis\u00e1g a k\u00fcl\u00f6nb\u00f6z\u0151 anyagok kombin\u00e1ci\u00f3j\u00e1val kapcsolatosan. Pontosan ez\u00e9rt a #ABCUBOCOLLAB2021 projekt nem az els\u0151 alkalom, amikor egy\u00fctt dolgozunk vele &#8211; kor\u00e1bban is volt m\u00e1r r\u00e9sze a csapatnak, leny\u0171g\u00f6z\u0151 grafik\u00e1kat k\u00e9sz\u00edtett p\u00e9ld\u00e1ul egyik prom\u00f3ci\u00f3s anyagunkhoz is. Interj\u00fankban megk\u00e9rdezt\u00fck, mit gondol a designr\u00f3l, a saj\u00e1t szakm\u00e1j\u00e1r\u00f3l \u00e9s arr\u00f3l, mi inspir\u00e1lta arra, hogy r\u00e9szt vegyen az #ABCUBOCOLLAB2021 projektben.<\/h3>\n\t<div id=\"gap-150063483\" class=\"gap-element clearfix\" style=\"display:block; height:auto;\">\n\t\t\n<style>\n#gap-150063483 {\n  padding-top: 60px;\n}\n<\/style>\n\t<\/div>\n\t\n<h2>Mi az a h\u00e1rom dolog, amit legfontosabb tudni r\u00f3lad?<\/h2>\n\t<div id=\"gap-597846505\" class=\"gap-element clearfix\" style=\"display:block; height:auto;\">\n\t\t\n<style>\n#gap-597846505 {\n  padding-top: 30px;\n}\n<\/style>\n\t<\/div>\n\t\n<p>Nem fontos tudni r\u00f3lam. -nevet- B\u00edzom benne, hogy amit csin\u00e1lok, arr\u00f3l esetleg \u00e9rdemes, illetve \u00e9rdemes lesz. Ha egy mondattal k\u00e9ne megfogalmaznom, hogy mit teszek, akkor az ez lenne: Letisztult, egyszer\u0171, geometrikus rendszerek l\u00e9trehoz\u00e1s\u00e1ra t\u00f6rekszem.<\/p>\n\t<div id=\"gap-690556062\" class=\"gap-element clearfix\" style=\"display:block; height:auto;\">\n\t\t\n<style>\n#gap-690556062 {\n  padding-top: 30px;\n}\n<\/style>\n\t<\/div>\n\t\n\t<div class=\"img has-hover x md-x lg-x y md-y lg-y\" id=\"image_515303761\">\n\t\t\t\t\t\t\t\t<div class=\"img-inner dark\" >\n\t\t\t<img loading=\"lazy\" decoding=\"async\" width=\"1020\" height=\"721\" src=\"https:\/\/abconcretedesign.com\/wp-content\/uploads\/2021\/08\/molnar-gergely-graphic-numbers-1131x800.jpg\" class=\"attachment-large size-large\" alt=\"molnar gergely graphic numbers\" srcset=\"https:\/\/abconcretedesign.com\/wp-content\/uploads\/2021\/08\/molnar-gergely-graphic-numbers-1131x800.jpg 1131w, https:\/\/abconcretedesign.com\/wp-content\/uploads\/2021\/08\/molnar-gergely-graphic-numbers-510x361.jpg 510w, https:\/\/abconcretedesign.com\/wp-content\/uploads\/2021\/08\/molnar-gergely-graphic-numbers-566x400.jpg 566w, https:\/\/abconcretedesign.com\/wp-content\/uploads\/2021\/08\/molnar-gergely-graphic-numbers-768x543.jpg 768w, https:\/\/abconcretedesign.com\/wp-content\/uploads\/2021\/08\/molnar-gergely-graphic-numbers-600x424.jpg 600w, https:\/\/abconcretedesign.com\/wp-content\/uploads\/2021\/08\/molnar-gergely-graphic-numbers.jpg 1600w\" sizes=\"auto, (max-width: 1020px) 100vw, 1020px\" \/>\t\t\t\t\t\t\n\t\t\t\t\t<\/div>\n\t\t\t\t\t\t\t\t\n<style>\n#image_515303761 {\n  width: 100%;\n}\n<\/style>\n\t<\/div>\n\t\n\t<div id=\"gap-1223912944\" class=\"gap-element clearfix\" style=\"display:block; height:auto;\">\n\t\t\n<style>\n#gap-1223912944 {\n  padding-top: 60px;\n}\n<\/style>\n\t<\/div>\n\t\n<h2>Mit gondolsz, mi\u00e9rt fontos, hogy olyan t\u00e1rgyak \u00e9s term\u00e9kek is legyenek a k\u00f6rnyezet\u00fcnkben, amiket nem t\u00f6megesen gy\u00e1rtottak, hanem egyedileg, kis darabsz\u00e1mban k\u00e9sz\u00edtettek?<\/h2>\n\t<div id=\"gap-1904693969\" class=\"gap-element clearfix\" style=\"display:block; height:auto;\">\n\t\t\n<style>\n#gap-1904693969 {\n  padding-top: 30px;\n}\n<\/style>\n\t<\/div>\n\t\n<div class=\"row\"  id=\"row-2060127493\">\n\n\t<div id=\"col-830982700\" class=\"col medium-5 small-12 large-5\"  >\n\t\t\t\t<div class=\"col-inner\"  >\n\t\t\t\n\t\t\t\n<p>Szerintem az hogy valamit egyedileg, kis sz\u00e9ri\u00e1ban \u00e1ll\u00edtottak el\u0151, \u00f6nmag\u00e1ban nem \u00e9rt\u00e9k, mint ahogy a t\u00f6meges gy\u00e1rt\u00e1s sem sz\u00fcks\u00e9gszer\u0171en \u00e9rt\u00e9ktelen. Ha vannak olyan t\u00e1rgyaim, amik kis darabsz\u00e1mban k\u00e9sz\u00fcltek, akkor azokat a szem\u00e9lyess\u00e9g\u00fck vagy a t\u00f6k\u00e9letlens\u00e9g\u00fck miatt kedvelem.<\/p>\n\t\t<\/div>\n\t\t\t\t\t<\/div>\n\n\t\n\n\t<div id=\"col-403210664\" class=\"col medium-2 small-12 large-2\"  >\n\t\t\t\t<div class=\"col-inner\"  >\n\t\t\t\n\t\t\t\n\t\t<\/div>\n\t\t\t\t\t<\/div>\n\n\t\n\n\t<div id=\"col-1017499432\" class=\"col medium-4 small-12 large-4\"  >\n\t\t\t\t<div class=\"col-inner\"  >\n\t\t\t\n\t\t\t\n\t<div class=\"img has-hover x md-x lg-x y md-y lg-y\" id=\"image_432508531\">\n\t\t\t\t\t\t\t\t<div class=\"img-inner dark\" >\n\t\t\t<img loading=\"lazy\" decoding=\"async\" width=\"800\" height=\"800\" src=\"https:\/\/abconcretedesign.com\/wp-content\/uploads\/2021\/08\/molnar-gergely-collaboration-800x800.jpg\" class=\"attachment-large size-large\" alt=\"molnar gergely collaboration\" srcset=\"https:\/\/abconcretedesign.com\/wp-content\/uploads\/2021\/08\/molnar-gergely-collaboration-800x800.jpg 800w, https:\/\/abconcretedesign.com\/wp-content\/uploads\/2021\/08\/molnar-gergely-collaboration-100x100.jpg 100w, https:\/\/abconcretedesign.com\/wp-content\/uploads\/2021\/08\/molnar-gergely-collaboration-510x510.jpg 510w, https:\/\/abconcretedesign.com\/wp-content\/uploads\/2021\/08\/molnar-gergely-collaboration-400x400.jpg 400w, https:\/\/abconcretedesign.com\/wp-content\/uploads\/2021\/08\/molnar-gergely-collaboration-280x280.jpg 280w, https:\/\/abconcretedesign.com\/wp-content\/uploads\/2021\/08\/molnar-gergely-collaboration-768x768.jpg 768w, https:\/\/abconcretedesign.com\/wp-content\/uploads\/2021\/08\/molnar-gergely-collaboration-600x600.jpg 600w, https:\/\/abconcretedesign.com\/wp-content\/uploads\/2021\/08\/molnar-gergely-collaboration.jpg 1600w\" sizes=\"auto, (max-width: 800px) 100vw, 800px\" \/>\t\t\t\t\t\t\n\t\t\t\t\t<\/div>\n\t\t\t\t\t\t\t\t\n<style>\n#image_432508531 {\n  width: 100%;\n}\n<\/style>\n\t<\/div>\n\t\n\t\t<\/div>\n\t\t\t\t\t<\/div>\n\n\t\n<\/div>\n\t<div id=\"gap-1522761572\" class=\"gap-element clearfix\" style=\"display:block; height:auto;\">\n\t\t\n<style>\n#gap-1522761572 {\n  padding-top: 30px;\n}\n<\/style>\n\t<\/div>\n\t\n<h2>Tapasztalataid szerint mik lehetnek a legnagyobb f\u00e9lre\u00e9rt\u00e9sek a k\u00f6ztudatban a design kifejez\u00e9ssel kapcsolatban?<\/h2>\n\t<div id=\"gap-1989262313\" class=\"gap-element clearfix\" style=\"display:block; height:auto;\">\n\t\t\n<style>\n#gap-1989262313 {\n  padding-top: 30px;\n}\n<\/style>\n\t<\/div>\n\t\n<p>\u00dagy l\u00e1tom sokan ezt a fogalmat valamilyen fennk\u00f6lt, h\u00e9tk\u00f6znapi \u00e9lett\u0151l elemelkedett dolognak tartj\u00e1k, viszont azt hiszem, hogy t\u00e1gabb \u00e9rtelemben minden design, amiben az emberi szellem megnyilv\u00e1nul, legyen az szappanosdoboz, egy bet\u0171 \u00edve, egy dallam vagy szavakba \u00f6nt\u00f6tt gondolat.<\/p>\n\t<div id=\"gap-281887119\" class=\"gap-element clearfix\" style=\"display:block; height:auto;\">\n\t\t\n<style>\n#gap-281887119 {\n  padding-top: 30px;\n}\n<\/style>\n\t<\/div>\n\t\n<div class=\"row\"  id=\"row-1619622731\">\n\n\t<div id=\"col-816997806\" class=\"col medium-4 small-12 large-4\"  >\n\t\t\t\t<div class=\"col-inner\"  >\n\t\t\t\n\t\t\t\n\t<div class=\"img has-hover x md-x lg-x y md-y lg-y\" id=\"image_974470667\">\n\t\t\t\t\t\t\t\t<div class=\"img-inner dark\" >\n\t\t\t<img loading=\"lazy\" decoding=\"async\" width=\"571\" height=\"800\" src=\"https:\/\/abconcretedesign.com\/wp-content\/uploads\/2021\/08\/molnar-gergely-poster-1975-571x800.jpg\" class=\"attachment-large size-large\" alt=\"molnar gergely poster 1975\" srcset=\"https:\/\/abconcretedesign.com\/wp-content\/uploads\/2021\/08\/molnar-gergely-poster-1975-571x800.jpg 571w, https:\/\/abconcretedesign.com\/wp-content\/uploads\/2021\/08\/molnar-gergely-poster-1975-510x714.jpg 510w, https:\/\/abconcretedesign.com\/wp-content\/uploads\/2021\/08\/molnar-gergely-poster-1975-286x400.jpg 286w, https:\/\/abconcretedesign.com\/wp-content\/uploads\/2021\/08\/molnar-gergely-poster-1975-768x1075.jpg 768w, https:\/\/abconcretedesign.com\/wp-content\/uploads\/2021\/08\/molnar-gergely-poster-1975-600x840.jpg 600w, https:\/\/abconcretedesign.com\/wp-content\/uploads\/2021\/08\/molnar-gergely-poster-1975.jpg 1143w\" sizes=\"auto, (max-width: 571px) 100vw, 571px\" \/>\t\t\t\t\t\t\n\t\t\t\t\t<\/div>\n\t\t\t\t\t\t\t\t\n<style>\n#image_974470667 {\n  width: 100%;\n}\n<\/style>\n\t<\/div>\n\t\n\t\t<\/div>\n\t\t\t\t\t<\/div>\n\n\t\n\n\t<div id=\"col-1476609542\" class=\"col medium-4 small-12 large-4\"  >\n\t\t\t\t<div class=\"col-inner\"  >\n\t\t\t\n\t\t\t\n\t<div class=\"img has-hover x md-x lg-x y md-y lg-y\" id=\"image_636273444\">\n\t\t\t\t\t\t\t\t<div class=\"img-inner dark\" >\n\t\t\t<img loading=\"lazy\" decoding=\"async\" width=\"571\" height=\"800\" src=\"https:\/\/abconcretedesign.com\/wp-content\/uploads\/2021\/08\/molnar-gergely-graphic-poster-design-571x800.jpg\" class=\"attachment-large size-large\" alt=\"molnar gergely graphic poster design\" srcset=\"https:\/\/abconcretedesign.com\/wp-content\/uploads\/2021\/08\/molnar-gergely-graphic-poster-design-571x800.jpg 571w, https:\/\/abconcretedesign.com\/wp-content\/uploads\/2021\/08\/molnar-gergely-graphic-poster-design-510x714.jpg 510w, https:\/\/abconcretedesign.com\/wp-content\/uploads\/2021\/08\/molnar-gergely-graphic-poster-design-286x400.jpg 286w, https:\/\/abconcretedesign.com\/wp-content\/uploads\/2021\/08\/molnar-gergely-graphic-poster-design-768x1075.jpg 768w, https:\/\/abconcretedesign.com\/wp-content\/uploads\/2021\/08\/molnar-gergely-graphic-poster-design-600x840.jpg 600w, https:\/\/abconcretedesign.com\/wp-content\/uploads\/2021\/08\/molnar-gergely-graphic-poster-design.jpg 1143w\" sizes=\"auto, (max-width: 571px) 100vw, 571px\" \/>\t\t\t\t\t\t\n\t\t\t\t\t<\/div>\n\t\t\t\t\t\t\t\t\n<style>\n#image_636273444 {\n  width: 100%;\n}\n<\/style>\n\t<\/div>\n\t\n\t\t<\/div>\n\t\t\t\t\t<\/div>\n\n\t\n\n\t<div id=\"col-1580411423\" class=\"col medium-4 small-12 large-4\"  >\n\t\t\t\t<div class=\"col-inner\"  >\n\t\t\t\n\t\t\t\n\t<div class=\"img has-hover x md-x lg-x y md-y lg-y\" id=\"image_584205230\">\n\t\t\t\t\t\t\t\t<div class=\"img-inner dark\" >\n\t\t\t<img loading=\"lazy\" decoding=\"async\" width=\"571\" height=\"800\" src=\"https:\/\/abconcretedesign.com\/wp-content\/uploads\/2021\/08\/molnar-gergely-graphic-designer-poster-571x800.jpg\" class=\"attachment-large size-large\" alt=\"molnar gergely graphic designer poster\" srcset=\"https:\/\/abconcretedesign.com\/wp-content\/uploads\/2021\/08\/molnar-gergely-graphic-designer-poster-571x800.jpg 571w, https:\/\/abconcretedesign.com\/wp-content\/uploads\/2021\/08\/molnar-gergely-graphic-designer-poster-510x714.jpg 510w, https:\/\/abconcretedesign.com\/wp-content\/uploads\/2021\/08\/molnar-gergely-graphic-designer-poster-286x400.jpg 286w, https:\/\/abconcretedesign.com\/wp-content\/uploads\/2021\/08\/molnar-gergely-graphic-designer-poster-768x1075.jpg 768w, https:\/\/abconcretedesign.com\/wp-content\/uploads\/2021\/08\/molnar-gergely-graphic-designer-poster-600x840.jpg 600w, https:\/\/abconcretedesign.com\/wp-content\/uploads\/2021\/08\/molnar-gergely-graphic-designer-poster.jpg 1143w\" sizes=\"auto, (max-width: 571px) 100vw, 571px\" \/>\t\t\t\t\t\t\n\t\t\t\t\t<\/div>\n\t\t\t\t\t\t\t\t\n<style>\n#image_584205230 {\n  width: 100%;\n}\n<\/style>\n\t<\/div>\n\t\n\t\t<\/div>\n\t\t\t\t\t<\/div>\n\n\t\n<\/div>\n\t<div id=\"gap-1338131125\" class=\"gap-element clearfix\" style=\"display:block; height:auto;\">\n\t\t\n<style>\n#gap-1338131125 {\n  padding-top: 30px;\n}\n<\/style>\n\t<\/div>\n\t\n<h2>M\u0171v\u00e9szk\u00e9nt jelenleg mi izgatja legink\u00e1bb a fant\u00e1zi\u00e1dat? Fontos neked, hogy feszegesd a szakma hat\u00e1rait?<\/h2>\n\t<div id=\"gap-1385127789\" class=\"gap-element clearfix\" style=\"display:block; height:auto;\">\n\t\t\n<style>\n#gap-1385127789 {\n  padding-top: 30px;\n}\n<\/style>\n\t<\/div>\n\t\n<div class=\"row\"  id=\"row-358023857\">\n\n\t<div id=\"col-1593843377\" class=\"col medium-6 small-12 large-6\"  >\n\t\t\t\t<div class=\"col-inner\"  >\n\t\t\t\n\t\t\t\n<p>Ink\u00e1bb tartom a gondolkod\u00e1somat m\u00e9rn\u00f6kinek, mint m\u0171v\u00e9szinek, \u00edgy is \u00e1llok a feladataimhoz. A szakm\u00e1m, a grafika hat\u00e1rai m\u00e1ra annyira kitol\u00f3dtak, hogy gyakorlatilag nem l\u00e1tom hol h\u00faz\u00f3dnak, \u00edgy igaz\u00e1n t\u00e1g\u00edtani sem tudom azokat. Ami mostan\u00e1ban \u00e9rdekel az a modularit\u00e1s, behelyettes\u00edthet\u0151s\u00e9g, az alkot\u00f3elemek egym\u00e1sra hat\u00e1sa, illetve hasonl\u00f3 k\u00f6lcs\u00f6nhat\u00e1son alapul\u00f3 rendszerek.<\/p>\n\t\t<\/div>\n\t\t\t\t\t<\/div>\n\n\t\n\n\t<div id=\"col-98240613\" class=\"col medium-6 small-12 large-6\"  >\n\t\t\t\t<div class=\"col-inner\"  >\n\t\t\t\n\t\t\t\n\t<div class=\"img has-hover x md-x lg-x y md-y lg-y\" id=\"image_2124778804\">\n\t\t\t\t\t\t\t\t<div class=\"img-inner dark\" >\n\t\t\t<img loading=\"lazy\" decoding=\"async\" width=\"1020\" height=\"573\" src=\"https:\/\/abconcretedesign.com\/wp-content\/uploads\/2021\/08\/molnar-gergely-poster-design-1400x787.jpg\" class=\"attachment-large size-large\" alt=\"molnar gergely poster design\" srcset=\"https:\/\/abconcretedesign.com\/wp-content\/uploads\/2021\/08\/molnar-gergely-poster-design-1400x787.jpg 1400w, https:\/\/abconcretedesign.com\/wp-content\/uploads\/2021\/08\/molnar-gergely-poster-design-510x287.jpg 510w, https:\/\/abconcretedesign.com\/wp-content\/uploads\/2021\/08\/molnar-gergely-poster-design-711x400.jpg 711w, https:\/\/abconcretedesign.com\/wp-content\/uploads\/2021\/08\/molnar-gergely-poster-design-768x432.jpg 768w, https:\/\/abconcretedesign.com\/wp-content\/uploads\/2021\/08\/molnar-gergely-poster-design-600x337.jpg 600w, https:\/\/abconcretedesign.com\/wp-content\/uploads\/2021\/08\/molnar-gergely-poster-design.jpg 1920w\" sizes=\"auto, (max-width: 1020px) 100vw, 1020px\" \/>\t\t\t\t\t\t\n\t\t\t\t\t<\/div>\n\t\t\t\t\t\t\t\t\n<style>\n#image_2124778804 {\n  width: 100%;\n}\n<\/style>\n\t<\/div>\n\t\n\t\t<\/div>\n\t\t\t\t\t<\/div>\n\n\t\n<\/div>\n<div class=\"row\"  id=\"row-1015427518\">\n\n\t<div id=\"col-48755247\" class=\"col medium-6 small-12 large-6\"  >\n\t\t\t\t<div class=\"col-inner\"  >\n\t\t\t\n\t\t\t\n\t<div class=\"img has-hover x md-x lg-x y md-y lg-y\" id=\"image_1171599338\">\n\t\t\t\t\t\t\t\t<div class=\"img-inner dark\" >\n\t\t\t<img loading=\"lazy\" decoding=\"async\" width=\"1020\" height=\"574\" src=\"https:\/\/abconcretedesign.com\/wp-content\/uploads\/2021\/08\/molnar-gergely-graphic-4-1400x788.jpg\" class=\"attachment-large size-large\" alt=\"molnar gergely graphic 4\" srcset=\"https:\/\/abconcretedesign.com\/wp-content\/uploads\/2021\/08\/molnar-gergely-graphic-4-1400x788.jpg 1400w, https:\/\/abconcretedesign.com\/wp-content\/uploads\/2021\/08\/molnar-gergely-graphic-4-510x287.jpg 510w, https:\/\/abconcretedesign.com\/wp-content\/uploads\/2021\/08\/molnar-gergely-graphic-4-711x400.jpg 711w, https:\/\/abconcretedesign.com\/wp-content\/uploads\/2021\/08\/molnar-gergely-graphic-4-768x432.jpg 768w, https:\/\/abconcretedesign.com\/wp-content\/uploads\/2021\/08\/molnar-gergely-graphic-4-600x338.jpg 600w, https:\/\/abconcretedesign.com\/wp-content\/uploads\/2021\/08\/molnar-gergely-graphic-4.jpg 1920w\" sizes=\"auto, (max-width: 1020px) 100vw, 1020px\" \/>\t\t\t\t\t\t\n\t\t\t\t\t<\/div>\n\t\t\t\t\t\t\t\t\n<style>\n#image_1171599338 {\n  width: 100%;\n}\n<\/style>\n\t<\/div>\n\t\n\t\t<\/div>\n\t\t\t\t\t<\/div>\n\n\t\n\n\t<div id=\"col-965246708\" class=\"col medium-6 small-12 large-6\"  >\n\t\t\t\t<div class=\"col-inner\"  >\n\t\t\t\n\t\t\t\n\t<div class=\"img has-hover x md-x lg-x y md-y lg-y\" id=\"image_414048670\">\n\t\t\t\t\t\t\t\t<div class=\"img-inner dark\" >\n\t\t\t<img loading=\"lazy\" decoding=\"async\" width=\"1020\" height=\"574\" src=\"https:\/\/abconcretedesign.com\/wp-content\/uploads\/2021\/08\/molnar-gergely-graphic-design-poster-1400x788.jpg\" class=\"attachment-large size-large\" alt=\"molnar gergely graphic design poster\" srcset=\"https:\/\/abconcretedesign.com\/wp-content\/uploads\/2021\/08\/molnar-gergely-graphic-design-poster-1400x788.jpg 1400w, https:\/\/abconcretedesign.com\/wp-content\/uploads\/2021\/08\/molnar-gergely-graphic-design-poster-510x287.jpg 510w, https:\/\/abconcretedesign.com\/wp-content\/uploads\/2021\/08\/molnar-gergely-graphic-design-poster-711x400.jpg 711w, https:\/\/abconcretedesign.com\/wp-content\/uploads\/2021\/08\/molnar-gergely-graphic-design-poster-768x432.jpg 768w, https:\/\/abconcretedesign.com\/wp-content\/uploads\/2021\/08\/molnar-gergely-graphic-design-poster-600x338.jpg 600w, https:\/\/abconcretedesign.com\/wp-content\/uploads\/2021\/08\/molnar-gergely-graphic-design-poster.jpg 1921w\" sizes=\"auto, (max-width: 1020px) 100vw, 1020px\" \/>\t\t\t\t\t\t\n\t\t\t\t\t<\/div>\n\t\t\t\t\t\t\t\t\n<style>\n#image_414048670 {\n  width: 100%;\n}\n<\/style>\n\t<\/div>\n\t\n\t\t<\/div>\n\t\t\t\t\t<\/div>\n\n\t\n<\/div>\n\t<div id=\"gap-398541291\" class=\"gap-element clearfix\" style=\"display:block; height:auto;\">\n\t\t\n<style>\n#gap-398541291 {\n  padding-top: 30px;\n}\n<\/style>\n\t<\/div>\n\t\n<h2>Hogyan ismerkedt\u00e9l meg az AB Concrete Desing-nal?<\/h2>\n\t<div id=\"gap-810349262\" class=\"gap-element clearfix\" style=\"display:block; height:auto;\">\n\t\t\n<style>\n#gap-810349262 {\n  padding-top: 30px;\n}\n<\/style>\n\t<\/div>\n\t\n<p>Az Instagram-on l\u00e1ttam a munk\u00e1itokat, izgalmasnak \u00e9s innovat\u00edvnak tal\u00e1ltam az anyag- \u00e9s formav\u00e1laszt\u00e1st, m\u00e1r akkor k\u00f6zel \u00e9reztem magamhoz ezt a vil\u00e1got.<\/p>\n\t<div id=\"gap-149827087\" class=\"gap-element clearfix\" style=\"display:block; height:auto;\">\n\t\t\n<style>\n#gap-149827087 {\n  padding-top: 30px;\n}\n<\/style>\n\t<\/div>\n\t\n<div class=\"row\"  id=\"row-1468275091\">\n\n\t<div id=\"col-425790214\" class=\"col medium-6 small-12 large-6\"  >\n\t\t\t\t<div class=\"col-inner\"  >\n\t\t\t\n\t\t\t\n<h2>Mi inspir\u00e1lt arra, hogy r\u00e9szt vegy\u00e9l az #ABCUBOCOLLAB2021 projektben?<\/h2>\n\t<div id=\"gap-1861592051\" class=\"gap-element clearfix\" style=\"display:block; height:auto;\">\n\t\t\n<style>\n#gap-1861592051 {\n  padding-top: 30px;\n}\n<\/style>\n\t<\/div>\n\t\n<p>Mint grafikus els\u0151sorban s\u00edk form\u00e1kkal dolgozom, most viszont lehet\u0151s\u00e9gem ny\u00edlik a harmadik dimenzi\u00f3ba is \u201ebet\u00f6rni\u201d, ez a dimenzi\u00f3ugr\u00e1s \u00fajszer\u0171 gondolkod\u00e1sra k\u00e9sztet. Annak pedig k\u00fcl\u00f6n \u00f6r\u00fcl\u00f6k, hogy \u00fcveg \u00e9s beton fel\u00fcletekre tervezhetek.<\/p>\n\t\t<\/div>\n\t\t\t\t\t<\/div>\n\n\t\n\n\t<div id=\"col-1615729884\" class=\"col medium-1 small-12 large-1\"  >\n\t\t\t\t<div class=\"col-inner\"  >\n\t\t\t\n\t\t\t\n\t\t<\/div>\n\t\t\t\t\t<\/div>\n\n\t\n\n\t<div id=\"col-2111405752\" class=\"col medium-5 small-12 large-5\"  >\n\t\t\t\t<div class=\"col-inner\"  >\n\t\t\t\n\t\t\t\n\t<div class=\"img has-hover x md-x lg-x y md-y lg-y\" id=\"image_652603822\">\n\t\t\t\t\t\t\t\t<div class=\"img-inner dark\" >\n\t\t\t<img loading=\"lazy\" decoding=\"async\" width=\"800\" height=\"800\" src=\"https:\/\/abconcretedesign.com\/wp-content\/uploads\/2021\/08\/molnar-gergely-graphic-designer-800x800.jpg\" class=\"attachment-large size-large\" alt=\"molnar gergely graphic designer\" srcset=\"https:\/\/abconcretedesign.com\/wp-content\/uploads\/2021\/08\/molnar-gergely-graphic-designer-800x800.jpg 800w, https:\/\/abconcretedesign.com\/wp-content\/uploads\/2021\/08\/molnar-gergely-graphic-designer-100x100.jpg 100w, https:\/\/abconcretedesign.com\/wp-content\/uploads\/2021\/08\/molnar-gergely-graphic-designer-510x510.jpg 510w, https:\/\/abconcretedesign.com\/wp-content\/uploads\/2021\/08\/molnar-gergely-graphic-designer-400x400.jpg 400w, https:\/\/abconcretedesign.com\/wp-content\/uploads\/2021\/08\/molnar-gergely-graphic-designer-280x280.jpg 280w, https:\/\/abconcretedesign.com\/wp-content\/uploads\/2021\/08\/molnar-gergely-graphic-designer-768x768.jpg 768w, https:\/\/abconcretedesign.com\/wp-content\/uploads\/2021\/08\/molnar-gergely-graphic-designer-600x600.jpg 600w, https:\/\/abconcretedesign.com\/wp-content\/uploads\/2021\/08\/molnar-gergely-graphic-designer.jpg 1500w\" sizes=\"auto, (max-width: 800px) 100vw, 800px\" \/>\t\t\t\t\t\t\n\t\t\t\t\t<\/div>\n\t\t\t\t\t\t\t\t\n<style>\n#image_652603822 {\n  width: 100%;\n}\n<\/style>\n\t<\/div>\n\t\n\t\t<\/div>\n\t\t\t\t\t<\/div>\n\n\t\n<\/div>\n","protected":false},"excerpt":{"rendered":"<p>Moln\u00e1r Gergely egy grafikus, m\u00e9rn\u00f6ki gondolkod\u00e1ssal. Ami k\u00f6z\u00f6s benne, \u00e9s az AB Concrete Design-ban, az az \u00f6r\u00f6k k\u00edv\u00e1ncsis\u00e1g a k\u00fcl\u00f6nb\u00f6z\u0151 anyagok kombin\u00e1ci\u00f3j\u00e1val kapcsolatosan. Pontosan ez\u00e9rt a #ABCUBOCOLLAB2021 projekt nem az els\u0151 alkalom, amikor egy\u00fctt dolgozunk vele &#8211; kor\u00e1bban is volt m\u00e1r r\u00e9sze a csapatnak, leny\u0171g\u00f6z\u0151 grafik\u00e1kat k\u00e9sz\u00edtett p\u00e9ld\u00e1ul egyik prom\u00f3ci\u00f3s anyagunkhoz is. Interj\u00fankban megk\u00e9rdezt\u00fck, mit [&#8230;]\n","protected":false},"author":2,"featured_media":19785,"comment_status":"closed","ping_status":"open","sticky":false,"template":"","format":"standard","meta":{"footnotes":""},"categories":[383,385],"tags":[386,298,389],"class_list":["post-19851","post","type-post","status-publish","format-standard","has-post-thumbnail","hentry","category-collaboration","category-kollaboracio","tag-abcubocollab2021-hu","tag-egyedi-darab","tag-interju"],"yoast_head":"<!-- This site is optimized with the Yoast SEO Premium plugin v26.2 (Yoast SEO v27.4) - https:\/\/yoast.com\/product\/yoast-seo-premium-wordpress\/ -->\n<title>AB Concrete Design x Moln\u00e1r Gergely \/ AB CUBO Collab 2021 &#187; AB Concrete Design<\/title>\n<meta name=\"robots\" content=\"index, follow, max-snippet:-1, max-image-preview:large, max-video-preview:-1\" \/>\n<link rel=\"canonical\" href=\"https:\/\/abconcretedesign.com\/hu\/ab-concrete-design-x-molnar-gergely-cubo-collab-2021\/\" \/>\n<meta property=\"og:locale\" content=\"hu_HU\" \/>\n<meta property=\"og:type\" content=\"article\" \/>\n<meta property=\"og:title\" content=\"AB Concrete Design x Moln\u00e1r Gergely \/ AB CUBO Collab 2021\" \/>\n<meta property=\"og:description\" content=\"Moln\u00e1r Gergely egy grafikus, m\u00e9rn\u00f6ki gondolkod\u00e1ssal. Ami k\u00f6z\u00f6s benne, \u00e9s az AB Concrete Design-ban, az az \u00f6r\u00f6k k\u00edv\u00e1ncsis\u00e1g a k\u00fcl\u00f6nb\u00f6z\u0151 anyagok\" \/>\n<meta property=\"og:url\" content=\"https:\/\/abconcretedesign.com\/hu\/ab-concrete-design-x-molnar-gergely-cubo-collab-2021\/\" \/>\n<meta property=\"og:site_name\" content=\"AB Concrete Design\" \/>\n<meta property=\"article:published_time\" content=\"2021-08-10T09:23:04+00:00\" \/>\n<meta property=\"article:modified_time\" content=\"2021-08-10T12:49:57+00:00\" \/>\n<meta property=\"og:image\" content=\"https:\/\/abconcretedesign.com\/wp-content\/uploads\/2021\/08\/molnar-gergely-4-graphic-design.jpg\" \/>\n\t<meta property=\"og:image:width\" content=\"1600\" \/>\n\t<meta property=\"og:image:height\" content=\"1132\" \/>\n\t<meta property=\"og:image:type\" content=\"image\/jpeg\" \/>\n<meta name=\"author\" content=\"AB Concrete Design\" \/>\n<meta name=\"twitter:card\" content=\"summary_large_image\" \/>\n<script type=\"application\/ld+json\" class=\"yoast-schema-graph\">{\"@context\":\"https:\\\/\\\/schema.org\",\"@graph\":[{\"@type\":\"Article\",\"@id\":\"https:\\\/\\\/abconcretedesign.com\\\/hu\\\/ab-concrete-design-x-molnar-gergely-cubo-collab-2021\\\/#article\",\"isPartOf\":{\"@id\":\"https:\\\/\\\/abconcretedesign.com\\\/hu\\\/ab-concrete-design-x-molnar-gergely-cubo-collab-2021\\\/\"},\"author\":{\"name\":\"AB Concrete Design\",\"@id\":\"https:\\\/\\\/abconcretedesign.com\\\/hu\\\/#\\\/schema\\\/person\\\/0a8b63622f7b0d0f5f8fee62a4ecc6b5\"},\"headline\":\"AB Concrete Design x Moln\u00e1r Gergely \\\/ AB CUBO Collab 2021\",\"datePublished\":\"2021-08-10T09:23:04+00:00\",\"dateModified\":\"2021-08-10T12:49:57+00:00\",\"mainEntityOfPage\":{\"@id\":\"https:\\\/\\\/abconcretedesign.com\\\/hu\\\/ab-concrete-design-x-molnar-gergely-cubo-collab-2021\\\/\"},\"wordCount\":648,\"publisher\":{\"@id\":\"https:\\\/\\\/abconcretedesign.com\\\/hu\\\/#organization\"},\"image\":{\"@id\":\"https:\\\/\\\/abconcretedesign.com\\\/hu\\\/ab-concrete-design-x-molnar-gergely-cubo-collab-2021\\\/#primaryimage\"},\"thumbnailUrl\":\"https:\\\/\\\/abconcretedesign.com\\\/wp-content\\\/uploads\\\/2021\\\/08\\\/molnar-gergely-4-graphic-design.jpg\",\"keywords\":[\"abcubocollab2021\",\"egyedi darab\",\"interj\u00fa\"],\"articleSection\":[\"collaboration\",\"kollabor\u00e1ci\u00f3\"],\"inLanguage\":\"hu\"},{\"@type\":\"WebPage\",\"@id\":\"https:\\\/\\\/abconcretedesign.com\\\/hu\\\/ab-concrete-design-x-molnar-gergely-cubo-collab-2021\\\/\",\"url\":\"https:\\\/\\\/abconcretedesign.com\\\/hu\\\/ab-concrete-design-x-molnar-gergely-cubo-collab-2021\\\/\",\"name\":\"AB Concrete Design x Moln\u00e1r Gergely \\\/ AB CUBO Collab 2021 &#187; AB Concrete Design\",\"isPartOf\":{\"@id\":\"https:\\\/\\\/abconcretedesign.com\\\/hu\\\/#website\"},\"primaryImageOfPage\":{\"@id\":\"https:\\\/\\\/abconcretedesign.com\\\/hu\\\/ab-concrete-design-x-molnar-gergely-cubo-collab-2021\\\/#primaryimage\"},\"image\":{\"@id\":\"https:\\\/\\\/abconcretedesign.com\\\/hu\\\/ab-concrete-design-x-molnar-gergely-cubo-collab-2021\\\/#primaryimage\"},\"thumbnailUrl\":\"https:\\\/\\\/abconcretedesign.com\\\/wp-content\\\/uploads\\\/2021\\\/08\\\/molnar-gergely-4-graphic-design.jpg\",\"datePublished\":\"2021-08-10T09:23:04+00:00\",\"dateModified\":\"2021-08-10T12:49:57+00:00\",\"breadcrumb\":{\"@id\":\"https:\\\/\\\/abconcretedesign.com\\\/hu\\\/ab-concrete-design-x-molnar-gergely-cubo-collab-2021\\\/#breadcrumb\"},\"inLanguage\":\"hu\",\"potentialAction\":[{\"@type\":\"ReadAction\",\"target\":[\"https:\\\/\\\/abconcretedesign.com\\\/hu\\\/ab-concrete-design-x-molnar-gergely-cubo-collab-2021\\\/\"]}]},{\"@type\":\"ImageObject\",\"inLanguage\":\"hu\",\"@id\":\"https:\\\/\\\/abconcretedesign.com\\\/hu\\\/ab-concrete-design-x-molnar-gergely-cubo-collab-2021\\\/#primaryimage\",\"url\":\"https:\\\/\\\/abconcretedesign.com\\\/wp-content\\\/uploads\\\/2021\\\/08\\\/molnar-gergely-4-graphic-design.jpg\",\"contentUrl\":\"https:\\\/\\\/abconcretedesign.com\\\/wp-content\\\/uploads\\\/2021\\\/08\\\/molnar-gergely-4-graphic-design.jpg\",\"width\":1600,\"height\":1132,\"caption\":\"molnar gergely 4 graphic design\"},{\"@type\":\"BreadcrumbList\",\"@id\":\"https:\\\/\\\/abconcretedesign.com\\\/hu\\\/ab-concrete-design-x-molnar-gergely-cubo-collab-2021\\\/#breadcrumb\",\"itemListElement\":[{\"@type\":\"ListItem\",\"position\":1,\"name\":\"F\u0151oldal\",\"item\":\"https:\\\/\\\/abconcretedesign.com\\\/hu\\\/\"},{\"@type\":\"ListItem\",\"position\":2,\"name\":\"AB Concrete Design x Moln\u00e1r Gergely \\\/ AB CUBO Collab 2021\"}]},{\"@type\":\"WebSite\",\"@id\":\"https:\\\/\\\/abconcretedesign.com\\\/hu\\\/#website\",\"url\":\"https:\\\/\\\/abconcretedesign.com\\\/hu\\\/\",\"name\":\"AB Concrete Design and Business Gifts\",\"description\":\"Beton Design T\u00e1rgyak, \u00c9kszer \u00e9s \u00dczleti Aj\u00e1nd\u00e9k, Beton Tr\u00f3fe\u00e1k\",\"publisher\":{\"@id\":\"https:\\\/\\\/abconcretedesign.com\\\/hu\\\/#organization\"},\"potentialAction\":[{\"@type\":\"SearchAction\",\"target\":{\"@type\":\"EntryPoint\",\"urlTemplate\":\"https:\\\/\\\/abconcretedesign.com\\\/hu\\\/?s={search_term_string}\"},\"query-input\":{\"@type\":\"PropertyValueSpecification\",\"valueRequired\":true,\"valueName\":\"search_term_string\"}}],\"inLanguage\":\"hu\"},{\"@type\":\"Organization\",\"@id\":\"https:\\\/\\\/abconcretedesign.com\\\/hu\\\/#organization\",\"name\":\"AB Concrete Design\",\"url\":\"https:\\\/\\\/abconcretedesign.com\\\/hu\\\/\",\"logo\":{\"@type\":\"ImageObject\",\"inLanguage\":\"hu\",\"@id\":\"https:\\\/\\\/abconcretedesign.com\\\/hu\\\/#\\\/schema\\\/logo\\\/image\\\/\",\"url\":\"https:\\\/\\\/abconcretedesign.com\\\/wp-content\\\/uploads\\\/2019\\\/04\\\/ab-concrete-design-logo.jpg\",\"contentUrl\":\"https:\\\/\\\/abconcretedesign.com\\\/wp-content\\\/uploads\\\/2019\\\/04\\\/ab-concrete-design-logo.jpg\",\"width\":351,\"height\":89,\"caption\":\"AB Concrete Design\"},\"image\":{\"@id\":\"https:\\\/\\\/abconcretedesign.com\\\/hu\\\/#\\\/schema\\\/logo\\\/image\\\/\"}},{\"@type\":\"Person\",\"@id\":\"https:\\\/\\\/abconcretedesign.com\\\/hu\\\/#\\\/schema\\\/person\\\/0a8b63622f7b0d0f5f8fee62a4ecc6b5\",\"name\":\"AB Concrete Design\",\"sameAs\":[\"https:\\\/\\\/abconcretedesign.com\"]}]}<\/script>\n<!-- \/ Yoast SEO Premium plugin. -->","yoast_head_json":{"title":"AB Concrete Design x Moln\u00e1r Gergely \/ AB CUBO Collab 2021 &#187; AB Concrete Design","robots":{"index":"index","follow":"follow","max-snippet":"max-snippet:-1","max-image-preview":"max-image-preview:large","max-video-preview":"max-video-preview:-1"},"canonical":"https:\/\/abconcretedesign.com\/hu\/ab-concrete-design-x-molnar-gergely-cubo-collab-2021\/","og_locale":"hu_HU","og_type":"article","og_title":"AB Concrete Design x Moln\u00e1r Gergely \/ AB CUBO Collab 2021","og_description":"Moln\u00e1r Gergely egy grafikus, m\u00e9rn\u00f6ki gondolkod\u00e1ssal. Ami k\u00f6z\u00f6s benne, \u00e9s az AB Concrete Design-ban, az az \u00f6r\u00f6k k\u00edv\u00e1ncsis\u00e1g a k\u00fcl\u00f6nb\u00f6z\u0151 anyagok","og_url":"https:\/\/abconcretedesign.com\/hu\/ab-concrete-design-x-molnar-gergely-cubo-collab-2021\/","og_site_name":"AB Concrete Design","article_published_time":"2021-08-10T09:23:04+00:00","article_modified_time":"2021-08-10T12:49:57+00:00","og_image":[{"width":1600,"height":1132,"url":"https:\/\/abconcretedesign.com\/wp-content\/uploads\/2021\/08\/molnar-gergely-4-graphic-design.jpg","type":"image\/jpeg"}],"author":"AB Concrete Design","twitter_card":"summary_large_image","schema":{"@context":"https:\/\/schema.org","@graph":[{"@type":"Article","@id":"https:\/\/abconcretedesign.com\/hu\/ab-concrete-design-x-molnar-gergely-cubo-collab-2021\/#article","isPartOf":{"@id":"https:\/\/abconcretedesign.com\/hu\/ab-concrete-design-x-molnar-gergely-cubo-collab-2021\/"},"author":{"name":"AB Concrete Design","@id":"https:\/\/abconcretedesign.com\/hu\/#\/schema\/person\/0a8b63622f7b0d0f5f8fee62a4ecc6b5"},"headline":"AB Concrete Design x Moln\u00e1r Gergely \/ AB CUBO Collab 2021","datePublished":"2021-08-10T09:23:04+00:00","dateModified":"2021-08-10T12:49:57+00:00","mainEntityOfPage":{"@id":"https:\/\/abconcretedesign.com\/hu\/ab-concrete-design-x-molnar-gergely-cubo-collab-2021\/"},"wordCount":648,"publisher":{"@id":"https:\/\/abconcretedesign.com\/hu\/#organization"},"image":{"@id":"https:\/\/abconcretedesign.com\/hu\/ab-concrete-design-x-molnar-gergely-cubo-collab-2021\/#primaryimage"},"thumbnailUrl":"https:\/\/abconcretedesign.com\/wp-content\/uploads\/2021\/08\/molnar-gergely-4-graphic-design.jpg","keywords":["abcubocollab2021","egyedi darab","interj\u00fa"],"articleSection":["collaboration","kollabor\u00e1ci\u00f3"],"inLanguage":"hu"},{"@type":"WebPage","@id":"https:\/\/abconcretedesign.com\/hu\/ab-concrete-design-x-molnar-gergely-cubo-collab-2021\/","url":"https:\/\/abconcretedesign.com\/hu\/ab-concrete-design-x-molnar-gergely-cubo-collab-2021\/","name":"AB Concrete Design x Moln\u00e1r Gergely \/ AB CUBO Collab 2021 &#187; AB Concrete Design","isPartOf":{"@id":"https:\/\/abconcretedesign.com\/hu\/#website"},"primaryImageOfPage":{"@id":"https:\/\/abconcretedesign.com\/hu\/ab-concrete-design-x-molnar-gergely-cubo-collab-2021\/#primaryimage"},"image":{"@id":"https:\/\/abconcretedesign.com\/hu\/ab-concrete-design-x-molnar-gergely-cubo-collab-2021\/#primaryimage"},"thumbnailUrl":"https:\/\/abconcretedesign.com\/wp-content\/uploads\/2021\/08\/molnar-gergely-4-graphic-design.jpg","datePublished":"2021-08-10T09:23:04+00:00","dateModified":"2021-08-10T12:49:57+00:00","breadcrumb":{"@id":"https:\/\/abconcretedesign.com\/hu\/ab-concrete-design-x-molnar-gergely-cubo-collab-2021\/#breadcrumb"},"inLanguage":"hu","potentialAction":[{"@type":"ReadAction","target":["https:\/\/abconcretedesign.com\/hu\/ab-concrete-design-x-molnar-gergely-cubo-collab-2021\/"]}]},{"@type":"ImageObject","inLanguage":"hu","@id":"https:\/\/abconcretedesign.com\/hu\/ab-concrete-design-x-molnar-gergely-cubo-collab-2021\/#primaryimage","url":"https:\/\/abconcretedesign.com\/wp-content\/uploads\/2021\/08\/molnar-gergely-4-graphic-design.jpg","contentUrl":"https:\/\/abconcretedesign.com\/wp-content\/uploads\/2021\/08\/molnar-gergely-4-graphic-design.jpg","width":1600,"height":1132,"caption":"molnar gergely 4 graphic design"},{"@type":"BreadcrumbList","@id":"https:\/\/abconcretedesign.com\/hu\/ab-concrete-design-x-molnar-gergely-cubo-collab-2021\/#breadcrumb","itemListElement":[{"@type":"ListItem","position":1,"name":"F\u0151oldal","item":"https:\/\/abconcretedesign.com\/hu\/"},{"@type":"ListItem","position":2,"name":"AB Concrete Design x Moln\u00e1r Gergely \/ AB CUBO Collab 2021"}]},{"@type":"WebSite","@id":"https:\/\/abconcretedesign.com\/hu\/#website","url":"https:\/\/abconcretedesign.com\/hu\/","name":"AB Concrete Design and Business Gifts","description":"Beton Design T\u00e1rgyak, \u00c9kszer \u00e9s \u00dczleti Aj\u00e1nd\u00e9k, Beton Tr\u00f3fe\u00e1k","publisher":{"@id":"https:\/\/abconcretedesign.com\/hu\/#organization"},"potentialAction":[{"@type":"SearchAction","target":{"@type":"EntryPoint","urlTemplate":"https:\/\/abconcretedesign.com\/hu\/?s={search_term_string}"},"query-input":{"@type":"PropertyValueSpecification","valueRequired":true,"valueName":"search_term_string"}}],"inLanguage":"hu"},{"@type":"Organization","@id":"https:\/\/abconcretedesign.com\/hu\/#organization","name":"AB Concrete Design","url":"https:\/\/abconcretedesign.com\/hu\/","logo":{"@type":"ImageObject","inLanguage":"hu","@id":"https:\/\/abconcretedesign.com\/hu\/#\/schema\/logo\/image\/","url":"https:\/\/abconcretedesign.com\/wp-content\/uploads\/2019\/04\/ab-concrete-design-logo.jpg","contentUrl":"https:\/\/abconcretedesign.com\/wp-content\/uploads\/2019\/04\/ab-concrete-design-logo.jpg","width":351,"height":89,"caption":"AB Concrete Design"},"image":{"@id":"https:\/\/abconcretedesign.com\/hu\/#\/schema\/logo\/image\/"}},{"@type":"Person","@id":"https:\/\/abconcretedesign.com\/hu\/#\/schema\/person\/0a8b63622f7b0d0f5f8fee62a4ecc6b5","name":"AB Concrete Design","sameAs":["https:\/\/abconcretedesign.com"]}]}},"_links":{"self":[{"href":"https:\/\/abconcretedesign.com\/hu\/wp-json\/wp\/v2\/posts\/19851","targetHints":{"allow":["GET"]}}],"collection":[{"href":"https:\/\/abconcretedesign.com\/hu\/wp-json\/wp\/v2\/posts"}],"about":[{"href":"https:\/\/abconcretedesign.com\/hu\/wp-json\/wp\/v2\/types\/post"}],"author":[{"embeddable":true,"href":"https:\/\/abconcretedesign.com\/hu\/wp-json\/wp\/v2\/users\/2"}],"replies":[{"embeddable":true,"href":"https:\/\/abconcretedesign.com\/hu\/wp-json\/wp\/v2\/comments?post=19851"}],"version-history":[{"count":2,"href":"https:\/\/abconcretedesign.com\/hu\/wp-json\/wp\/v2\/posts\/19851\/revisions"}],"predecessor-version":[{"id":19853,"href":"https:\/\/abconcretedesign.com\/hu\/wp-json\/wp\/v2\/posts\/19851\/revisions\/19853"}],"wp:featuredmedia":[{"embeddable":true,"href":"https:\/\/abconcretedesign.com\/hu\/wp-json\/wp\/v2\/media\/19785"}],"wp:attachment":[{"href":"https:\/\/abconcretedesign.com\/hu\/wp-json\/wp\/v2\/media?parent=19851"}],"wp:term":[{"taxonomy":"category","embeddable":true,"href":"https:\/\/abconcretedesign.com\/hu\/wp-json\/wp\/v2\/categories?post=19851"},{"taxonomy":"post_tag","embeddable":true,"href":"https:\/\/abconcretedesign.com\/hu\/wp-json\/wp\/v2\/tags?post=19851"}],"curies":[{"name":"wp","href":"https:\/\/api.w.org\/{rel}","templated":true}]}}