{"id":17789,"date":"2021-02-15T16:22:08","date_gmt":"2021-02-15T15:22:08","guid":{"rendered":"https:\/\/abconcretedesign.com\/ab-concrete-design-termekek-egy-tetovalo-szalonban\/"},"modified":"2021-03-07T12:35:27","modified_gmt":"2021-03-07T11:35:27","slug":"ab-concrete-design-termekek-egy-tetovalo-szalonban","status":"publish","type":"post","link":"https:\/\/abconcretedesign.com\/hu\/ab-concrete-design-termekek-egy-tetovalo-szalonban\/","title":{"rendered":"AB Concrete Design term\u00e9kek egy tetov\u00e1l\u00f3szalonban"},"content":{"rendered":"<h3><span style=\"font-weight: 400\">A BLUB \u00e9s CUBO term\u00e9k\u00fcnket is \u00fagy alkottuk meg, hogy b\u00e1rmilyen k\u00f6rnyezetben \u00e9rv\u00e9nyes\u00fclni tudjanak, \u00e9s j\u00f3l illeszkedjenek az adott hely hangulat\u00e1hoz, illetve azt a funkci\u00f3t t\u00f6lts\u00e9k be, amit a t\u00e9r \u00e9s a haszn\u00e1l\u00f3ja megk\u00edv\u00e1n.<\/span><\/h3>\n\t<div id=\"gap-1516782907\" class=\"gap-element clearfix\" style=\"display:block; height:auto;\">\n\t\t\n<style>\n#gap-1516782907 {\n  padding-top: 30px;\n}\n<\/style>\n\t<\/div>\n\t\n<p><span style=\"font-weight: 400\">Ennek ok\u00e1n a <a href=\"https:\/\/abconcretedesign.com\/hu\/uzlet\/beton-lakas-dekoracio\/blub-beton-mecses-tarto-harmas-szett\/#configuration\">BLUB<\/a>lehet sokkal t\u00f6bb, mint m\u00e9csestart\u00f3: lehet jelz\u0151f\u00e9ny, ami mindig ott van az ablakban, hogy az arra j\u00e1r\u00f3k tudj\u00e1k, sz\u00edvesen l\u00e1tj\u00e1k \u0151ket odabent. G\u00f6mb\u00f6ly\u0171 form\u00e1j\u00e1val \u00e9s l\u00e1gy f\u00e9ny\u00e9vel lehet a harm\u00f3nia \u00e9s a nyugalom forr\u00e1sa. <\/span><\/p>\n\t<div id=\"gap-821985230\" class=\"gap-element clearfix\" style=\"display:block; height:auto;\">\n\t\t\n<style>\n#gap-821985230 {\n  padding-top: 30px;\n}\n<\/style>\n\t<\/div>\n\t\n<div class=\"row\"  id=\"row-1914693220\">\n\n\t<div id=\"col-1503156686\" class=\"col medium-6 small-12 large-6\"  >\n\t\t\t\t<div class=\"col-inner\"  >\n\t\t\t\n\t\t\t\n\t<div class=\"img has-hover x md-x lg-x y md-y lg-y\" id=\"image_167693780\">\n\t\t<a class=\"\" href=\"https:\/\/abconcretedesign.com\/shop\/concrete-home-decoration\/blub-concrete-tealight-holder-set-of-three\/#configuration\" >\t\t\t\t\t\t<div class=\"img-inner dark\" >\n\t\t\t<img loading=\"lazy\" decoding=\"async\" width=\"1020\" height=\"765\" src=\"https:\/\/abconcretedesign.com\/wp-content\/uploads\/2021\/02\/concrete-tealight-holder-rounded-1067x800.jpg\" class=\"attachment-large size-large\" alt=\"concrete tealight holder rounded\" srcset=\"https:\/\/abconcretedesign.com\/wp-content\/uploads\/2021\/02\/concrete-tealight-holder-rounded-1067x800.jpg 1067w, https:\/\/abconcretedesign.com\/wp-content\/uploads\/2021\/02\/concrete-tealight-holder-rounded-510x383.jpg 510w, https:\/\/abconcretedesign.com\/wp-content\/uploads\/2021\/02\/concrete-tealight-holder-rounded-533x400.jpg 533w, https:\/\/abconcretedesign.com\/wp-content\/uploads\/2021\/02\/concrete-tealight-holder-rounded-768x576.jpg 768w, https:\/\/abconcretedesign.com\/wp-content\/uploads\/2021\/02\/concrete-tealight-holder-rounded-600x450.jpg 600w, https:\/\/abconcretedesign.com\/wp-content\/uploads\/2021\/02\/concrete-tealight-holder-rounded.jpg 1600w\" sizes=\"auto, (max-width: 1020px) 100vw, 1020px\" \/>\t\t\t\t\t\t\n\t\t\t\t\t<\/div>\n\t\t\t\t\t\t<\/a>\t\t\n<style>\n#image_167693780 {\n  width: 100%;\n}\n<\/style>\n\t<\/div>\n\t\n\t\t<\/div>\n\t\t\t\t\t<\/div>\n\n\t\n\n\t<div id=\"col-2026601593\" class=\"col medium-6 small-12 large-6\"  >\n\t\t\t\t<div class=\"col-inner\"  >\n\t\t\t\n\t\t\t\n\t<div class=\"img has-hover x md-x lg-x y md-y lg-y\" id=\"image_943110477\">\n\t\t<a class=\"\" href=\"https:\/\/abconcretedesign.com\/shop\/concrete-home-decoration\/blub-concrete-tealight-holder-set-of-three\/#configuration\" >\t\t\t\t\t\t<div class=\"img-inner dark\" >\n\t\t\t<img loading=\"lazy\" decoding=\"async\" width=\"1020\" height=\"765\" src=\"https:\/\/abconcretedesign.com\/wp-content\/uploads\/2021\/02\/concrete-design-objects-shopwindow-1067x800.jpg\" class=\"attachment-large size-large\" alt=\"concrete design objects shopwindow\" srcset=\"https:\/\/abconcretedesign.com\/wp-content\/uploads\/2021\/02\/concrete-design-objects-shopwindow-1067x800.jpg 1067w, https:\/\/abconcretedesign.com\/wp-content\/uploads\/2021\/02\/concrete-design-objects-shopwindow-510x383.jpg 510w, https:\/\/abconcretedesign.com\/wp-content\/uploads\/2021\/02\/concrete-design-objects-shopwindow-533x400.jpg 533w, https:\/\/abconcretedesign.com\/wp-content\/uploads\/2021\/02\/concrete-design-objects-shopwindow-768x576.jpg 768w, https:\/\/abconcretedesign.com\/wp-content\/uploads\/2021\/02\/concrete-design-objects-shopwindow-600x450.jpg 600w, https:\/\/abconcretedesign.com\/wp-content\/uploads\/2021\/02\/concrete-design-objects-shopwindow.jpg 1600w\" sizes=\"auto, (max-width: 1020px) 100vw, 1020px\" \/>\t\t\t\t\t\t\n\t\t\t\t\t<\/div>\n\t\t\t\t\t\t<\/a>\t\t\n<style>\n#image_943110477 {\n  width: 100%;\n}\n<\/style>\n\t<\/div>\n\t\n\t\t<\/div>\n\t\t\t\t\t<\/div>\n\n\t\n<\/div>\n\t<div id=\"gap-2081478676\" class=\"gap-element clearfix\" style=\"display:block; height:auto;\">\n\t\t\n<style>\n#gap-2081478676 {\n  padding-top: 30px;\n}\n<\/style>\n\t<\/div>\n\t\n<div class=\"row\"  id=\"row-1888366176\">\n\n\t<div id=\"col-1145634006\" class=\"col medium-5 small-12 large-5\"  >\n\t\t\t\t<div class=\"col-inner\"  >\n\t\t\t\n\t\t\t\n<p><span style=\"font-weight: 400\">A <a href=\"https:\/\/abconcretedesign.com\/hu\/uzlet\/beton-lakas-dekoracio\/cubo-beton-kepkeret-szett\/#configuration\">CUBO<\/a> l\u00e1tsz\u00f3lag \u201ccsak\u201d egy k\u00e9ptart\u00f3, de egy kis fant\u00e1zi\u00e1val sokat ki lehet bel\u0151le hozni. Tarthat sz\u00f3r\u00f3lapokat vagy n\u00e9vjegyk\u00e1rty\u00e1kat is, \u00e9s teszi mindenzt an\u00e9lk\u00fcl, hogy eltereln\u00e9 a figyelmet a ki\u00e1ll\u00edtott anyagr\u00f3l. St\u00edlusos, funkcion\u00e1lis, eleg\u00e1ns, \u00e9s igazi kam\u00e9leon &#8211; b\u00e1rhov\u00e1 helyezz\u00fck is el. <\/span><\/p>\n\t\t<\/div>\n\t\t\t\t\t<\/div>\n\n\t\n\n\t<div id=\"col-1926862309\" class=\"col medium-1 small-12 large-1\"  >\n\t\t\t\t<div class=\"col-inner\"  >\n\t\t\t\n\t\t\t\n\t\t<\/div>\n\t\t\t\t\t<\/div>\n\n\t\n\n\t<div id=\"col-833969132\" class=\"col medium-6 small-12 large-6\"  >\n\t\t\t\t<div class=\"col-inner\"  >\n\t\t\t\n\t\t\t\n\t<div class=\"img has-hover x md-x lg-x y md-y lg-y\" id=\"image_232594149\">\n\t\t<a class=\"\" href=\"https:\/\/abconcretedesign.com\/shop\/concrete-home-decoration\/cubo-small-picture-frame\/\" >\t\t\t\t\t\t<div class=\"img-inner dark\" >\n\t\t\t<img loading=\"lazy\" decoding=\"async\" width=\"1020\" height=\"765\" src=\"https:\/\/abconcretedesign.com\/wp-content\/uploads\/2021\/02\/designer-concrete-flyer-holder-1067x800.jpg\" class=\"attachment-large size-large\" alt=\"designer concrete flyer holder\" srcset=\"https:\/\/abconcretedesign.com\/wp-content\/uploads\/2021\/02\/designer-concrete-flyer-holder-1067x800.jpg 1067w, https:\/\/abconcretedesign.com\/wp-content\/uploads\/2021\/02\/designer-concrete-flyer-holder-510x383.jpg 510w, https:\/\/abconcretedesign.com\/wp-content\/uploads\/2021\/02\/designer-concrete-flyer-holder-533x400.jpg 533w, https:\/\/abconcretedesign.com\/wp-content\/uploads\/2021\/02\/designer-concrete-flyer-holder-768x576.jpg 768w, https:\/\/abconcretedesign.com\/wp-content\/uploads\/2021\/02\/designer-concrete-flyer-holder-600x450.jpg 600w, https:\/\/abconcretedesign.com\/wp-content\/uploads\/2021\/02\/designer-concrete-flyer-holder.jpg 1600w\" sizes=\"auto, (max-width: 1020px) 100vw, 1020px\" \/>\t\t\t\t\t\t\n\t\t\t\t\t<\/div>\n\t\t\t\t\t\t<\/a>\t\t\n<style>\n#image_232594149 {\n  width: 100%;\n}\n<\/style>\n\t<\/div>\n\t\n\t\t<\/div>\n\t\t\t\t\t<\/div>\n\n\t\n<\/div>\n<p><span style=\"font-weight: 400\">A fentiek demonstr\u00e1l\u00e1s\u00e1ra ell\u00e1togattunk a The Dark Nebula-ba, hogy kider\u00edts\u00fck, mi lehet a k\u00f6z\u00f6s egy tetov\u00e1l\u00f3 szalonban \u00e9s egy betonb\u00f3l k\u00e9sz\u00fclt gyertyatart\u00f3ban. L\u00e1tsz\u00f3lag nem kellene illeni\u00fck egym\u00e1shoz, \u00e9s m\u00e9gis k\u00f6z\u00f6s t\u00e9rben m\u0171k\u00f6dnek.<\/span><\/p>\n<p><span style=\"font-weight: 400\">\u00d3dor Viktor tetov\u00e1l\u00f3m\u0171v\u00e9szt, a The Dark Nebula szalon alap\u00edt\u00f3j\u00e1t k\u00e9rdezt\u00fck inspir\u00e1ci\u00f3r\u00f3l, designr\u00f3l \u00e9s persze arr\u00f3l, hogy \u201cmit keres a BLUB az ablakban\u201d. <\/span><\/p>\n\t<div id=\"gap-1089702458\" class=\"gap-element clearfix\" style=\"display:block; height:auto;\">\n\t\t\n<style>\n#gap-1089702458 {\n  padding-top: 30px;\n}\n<\/style>\n\t<\/div>\n\t\n<div class=\"row\"  id=\"row-1594118178\">\n\n\t<div id=\"col-295499093\" class=\"col medium-5 small-12 large-5\"  >\n\t\t\t\t<div class=\"col-inner\"  >\n\t\t\t\n\t\t\t\n<h4><span style=\"font-weight: 400\">Hogyan mutatn\u00e1d be nek\u00fcnk \u00d3dor Viktort, mint tetov\u00e1l\u00f3 m\u0171v\u00e9szt?<\/span><\/h4>\n<p><span style=\"font-weight: 400\"><br \/>\n\u00d3dor Viktor vagyok, 6 \u00e9ve foglalkozom tetov\u00e1l\u00e1ssal, <a href=\"https:\/\/www.instagram.com\/overmindink\/\">Overmindink<\/a> n\u00e9ven fut ez a projekt<\/span><span style=\"font-weight: 400\">. Legink\u00e1bb blackwork st\u00edlusban dolgozom, ennek is f\u0151leg egy speci\u00e1lis ir\u00e1nya \u00e9rdekel, nevezz\u00fck Neo tribal-nak. <\/span><\/p>\n\t\t<\/div>\n\t\t\t\t\t<\/div>\n\n\t\n\n\t<div id=\"col-379026339\" class=\"col medium-7 small-12 large-7\"  >\n\t\t\t\t<div class=\"col-inner\"  >\n\t\t\t\n\t\t\t\n\t<div class=\"img has-hover x md-x lg-x y md-y lg-y\" id=\"image_55119788\">\n\t\t\t\t\t\t\t\t<div class=\"img-inner dark\" >\n\t\t\t<img loading=\"lazy\" decoding=\"async\" width=\"1020\" height=\"765\" src=\"https:\/\/abconcretedesign.com\/wp-content\/uploads\/2021\/02\/tattoo-artist-overmindink-1067x800.jpg\" class=\"attachment-large size-large\" alt=\"tattoo artist overmindink\" srcset=\"https:\/\/abconcretedesign.com\/wp-content\/uploads\/2021\/02\/tattoo-artist-overmindink-1067x800.jpg 1067w, https:\/\/abconcretedesign.com\/wp-content\/uploads\/2021\/02\/tattoo-artist-overmindink-510x383.jpg 510w, https:\/\/abconcretedesign.com\/wp-content\/uploads\/2021\/02\/tattoo-artist-overmindink-533x400.jpg 533w, https:\/\/abconcretedesign.com\/wp-content\/uploads\/2021\/02\/tattoo-artist-overmindink-768x576.jpg 768w, https:\/\/abconcretedesign.com\/wp-content\/uploads\/2021\/02\/tattoo-artist-overmindink-600x450.jpg 600w, https:\/\/abconcretedesign.com\/wp-content\/uploads\/2021\/02\/tattoo-artist-overmindink.jpg 1920w\" sizes=\"auto, (max-width: 1020px) 100vw, 1020px\" \/>\t\t\t\t\t\t\n\t\t\t\t\t<\/div>\n\t\t\t\t\t\t\t\t\n<style>\n#image_55119788 {\n  width: 100%;\n}\n<\/style>\n\t<\/div>\n\t\n\t\t<\/div>\n\t\t\t\t\t<\/div>\n\n\t\n<\/div>\n<h4><span style=\"font-weight: 400\">Mi az, ami inspir\u00e1l a munk\u00e1d sor\u00e1n? <\/span><\/h4>\n\t<div id=\"gap-958703265\" class=\"gap-element clearfix\" style=\"display:block; height:auto;\">\n\t\t\n<style>\n#gap-958703265 {\n  padding-top: 20px;\n}\n<\/style>\n\t<\/div>\n\t\n<p>A kezdetekt\u0151l fogva inspir\u00e1lt a t\u00f6rzsi, minimalista \u00e9s absztrakt m\u0171v\u00e9szet, az indentifik\u00e1ci\u00f3s t\u00f6rekv\u00e9sek vizu\u00e1lis nyelvre ford\u00edt\u00e1sa, tulajdonk\u00e9ppen a kort\u00e1rs tetov\u00e1l\u00e1s is err\u0151l sz\u00f3l, szerintem. Emellett ihletet adnak m\u00e9g a geometrikus, fut\u00f3 mint\u00e1k, a sci-fi koncept art-ok, a futurisztikus \u00e9s pre-futurisztikus, valamint a biomorf \u00e9p\u00edt\u00e9szet, \u00e9s a term\u00e9szeti form\u00e1k.<\/p>\n\t<div id=\"gap-125769834\" class=\"gap-element clearfix\" style=\"display:block; height:auto;\">\n\t\t\n<style>\n#gap-125769834 {\n  padding-top: 30px;\n}\n<\/style>\n\t<\/div>\n\t\n<div class=\"row\"  id=\"row-54926857\">\n\n\t<div id=\"col-699962606\" class=\"col medium-4 small-12 large-4\"  >\n\t\t\t\t<div class=\"col-inner\"  >\n\t\t\t\n\t\t\t\n\t<div class=\"img has-hover x md-x lg-x y md-y lg-y\" id=\"image_288986823\">\n\t\t\t\t\t\t\t\t<div class=\"img-inner dark\" >\n\t\t\t<img loading=\"lazy\" decoding=\"async\" width=\"1020\" height=\"765\" src=\"https:\/\/abconcretedesign.com\/wp-content\/uploads\/2021\/02\/dark-nebula-tattoo-salon-1067x800.jpg\" class=\"attachment-large size-large\" alt=\"dark nebula tattoo salon\" srcset=\"https:\/\/abconcretedesign.com\/wp-content\/uploads\/2021\/02\/dark-nebula-tattoo-salon-1067x800.jpg 1067w, https:\/\/abconcretedesign.com\/wp-content\/uploads\/2021\/02\/dark-nebula-tattoo-salon-510x383.jpg 510w, https:\/\/abconcretedesign.com\/wp-content\/uploads\/2021\/02\/dark-nebula-tattoo-salon-533x400.jpg 533w, https:\/\/abconcretedesign.com\/wp-content\/uploads\/2021\/02\/dark-nebula-tattoo-salon-768x576.jpg 768w, https:\/\/abconcretedesign.com\/wp-content\/uploads\/2021\/02\/dark-nebula-tattoo-salon-600x450.jpg 600w, https:\/\/abconcretedesign.com\/wp-content\/uploads\/2021\/02\/dark-nebula-tattoo-salon.jpg 1600w\" sizes=\"auto, (max-width: 1020px) 100vw, 1020px\" \/>\t\t\t\t\t\t\n\t\t\t\t\t<\/div>\n\t\t\t\t\t\t\t\t\n<style>\n#image_288986823 {\n  width: 100%;\n}\n<\/style>\n\t<\/div>\n\t\n\t\t<\/div>\n\t\t\t\t\t<\/div>\n\n\t\n\n\t<div id=\"col-1292148951\" class=\"col medium-4 small-12 large-4\"  >\n\t\t\t\t<div class=\"col-inner\"  >\n\t\t\t\n\t\t\t\n\t<div class=\"img has-hover x md-x lg-x y md-y lg-y\" id=\"image_1115851438\">\n\t\t\t\t\t\t\t\t<div class=\"img-inner dark\" >\n\t\t\t<img loading=\"lazy\" decoding=\"async\" width=\"1020\" height=\"765\" src=\"https:\/\/abconcretedesign.com\/wp-content\/uploads\/2021\/02\/dark-nebula-tattoo-salon-budapest-1067x800.jpg\" class=\"attachment-large size-large\" alt=\"dark nebula tattoo salon budapest\" srcset=\"https:\/\/abconcretedesign.com\/wp-content\/uploads\/2021\/02\/dark-nebula-tattoo-salon-budapest-1067x800.jpg 1067w, https:\/\/abconcretedesign.com\/wp-content\/uploads\/2021\/02\/dark-nebula-tattoo-salon-budapest-510x383.jpg 510w, https:\/\/abconcretedesign.com\/wp-content\/uploads\/2021\/02\/dark-nebula-tattoo-salon-budapest-533x400.jpg 533w, https:\/\/abconcretedesign.com\/wp-content\/uploads\/2021\/02\/dark-nebula-tattoo-salon-budapest-768x576.jpg 768w, https:\/\/abconcretedesign.com\/wp-content\/uploads\/2021\/02\/dark-nebula-tattoo-salon-budapest-600x450.jpg 600w, https:\/\/abconcretedesign.com\/wp-content\/uploads\/2021\/02\/dark-nebula-tattoo-salon-budapest.jpg 1600w\" sizes=\"auto, (max-width: 1020px) 100vw, 1020px\" \/>\t\t\t\t\t\t\n\t\t\t\t\t<\/div>\n\t\t\t\t\t\t\t\t\n<style>\n#image_1115851438 {\n  width: 100%;\n}\n<\/style>\n\t<\/div>\n\t\n\t\t<\/div>\n\t\t\t\t\t<\/div>\n\n\t\n\n\t<div id=\"col-1936522248\" class=\"col medium-4 small-12 large-4\"  >\n\t\t\t\t<div class=\"col-inner\"  >\n\t\t\t\n\t\t\t\n\t<div class=\"img has-hover x md-x lg-x y md-y lg-y\" id=\"image_1393347435\">\n\t\t\t\t\t\t\t\t<div class=\"img-inner dark\" >\n\t\t\t<img loading=\"lazy\" decoding=\"async\" width=\"1020\" height=\"765\" src=\"https:\/\/abconcretedesign.com\/wp-content\/uploads\/2021\/02\/hungarian-tattoo-salon-1067x800.jpg\" class=\"attachment-large size-large\" alt=\"hungarian tattoo salon\" srcset=\"https:\/\/abconcretedesign.com\/wp-content\/uploads\/2021\/02\/hungarian-tattoo-salon-1067x800.jpg 1067w, https:\/\/abconcretedesign.com\/wp-content\/uploads\/2021\/02\/hungarian-tattoo-salon-510x383.jpg 510w, https:\/\/abconcretedesign.com\/wp-content\/uploads\/2021\/02\/hungarian-tattoo-salon-533x400.jpg 533w, https:\/\/abconcretedesign.com\/wp-content\/uploads\/2021\/02\/hungarian-tattoo-salon-768x576.jpg 768w, https:\/\/abconcretedesign.com\/wp-content\/uploads\/2021\/02\/hungarian-tattoo-salon-600x450.jpg 600w, https:\/\/abconcretedesign.com\/wp-content\/uploads\/2021\/02\/hungarian-tattoo-salon.jpg 1600w\" sizes=\"auto, (max-width: 1020px) 100vw, 1020px\" \/>\t\t\t\t\t\t\n\t\t\t\t\t<\/div>\n\t\t\t\t\t\t\t\t\n<style>\n#image_1393347435 {\n  width: 100%;\n}\n<\/style>\n\t<\/div>\n\t\n\t\t<\/div>\n\t\t\t\t\t<\/div>\n\n\t\n<\/div>\n<h4><span style=\"font-weight: 400\">Mi\u00e9rt \u00e1llnak k\u00f6zel hozz\u00e1d a term\u00e9kek, amik a szalonban tal\u00e1lhat\u00f3k?<\/span><\/h4>\n\t<div id=\"gap-1449287556\" class=\"gap-element clearfix\" style=\"display:block; height:auto;\">\n\t\t\n<style>\n#gap-1449287556 {\n  padding-top: 20px;\n}\n<\/style>\n\t<\/div>\n\t\n<p><span style=\"font-weight: 400\">Az AB Concrete design st\u00edlus\u00e1ban k\u00f6zel \u00e1ll ahhoz a koncepci\u00f3hoz, amit a tetov\u00e1l\u00f3 projektem \u00e9s a st\u00fadi\u00f3 is k\u00e9pvisel, teh\u00e1t minimalista \u00e9s letisztult formavil\u00e1g \u00e9s design, az anyagv\u00e1laszt\u00e1s egyszerre indusztri\u00e1lis \u00e9s eleg\u00e1ns, k\u00f6nnyed, de massz\u00edv,, csak\u00fagy mint a sz\u00ednvil\u00e1g.<\/span><\/p>\n<div class=\"row\"  id=\"row-728373297\">\n\n\t<div id=\"col-1808109647\" class=\"col medium-5 small-12 large-5\"  >\n\t\t\t\t<div class=\"col-inner\"  >\n\t\t\t\n\t\t\t\n\t<div id=\"gap-1883630666\" class=\"gap-element clearfix\" style=\"display:block; height:auto;\">\n\t\t\n<style>\n#gap-1883630666 {\n  padding-top: 30px;\n}\n<\/style>\n\t<\/div>\n\t\n<p><span style=\"font-weight: 400\">Sok st\u00fadi\u00f3ban megfordultam m\u00e1r az elm\u00falt \u00e9vekben, rendszeresen dolgozom k\u00fclf\u00f6ld\u00f6n, tavaly \u00f3ta pedig Farkas T\u00edme\u00e1val egy\u00fctt vissz\u00fck a The Dark Nebula Tattoo st\u00fadi\u00f3t Budapesten. <\/span><\/p>\n\t\t<\/div>\n\t\t\t\t\t<\/div>\n\n\t\n\n\t<div id=\"col-1938526066\" class=\"col medium-7 small-12 large-7\"  >\n\t\t\t\t<div class=\"col-inner\"  >\n\t\t\t\n\t\t\t\n\t<div class=\"img has-hover x md-x lg-x y md-y lg-y\" id=\"image_398474667\">\n\t\t\t\t\t\t\t\t<div class=\"img-inner dark\" >\n\t\t\t<img loading=\"lazy\" decoding=\"async\" width=\"1020\" height=\"765\" src=\"https:\/\/abconcretedesign.com\/wp-content\/uploads\/2021\/02\/tattoo-salon--1066x800.jpg\" class=\"attachment-large size-large\" alt=\"tattoo salon\" srcset=\"https:\/\/abconcretedesign.com\/wp-content\/uploads\/2021\/02\/tattoo-salon--1066x800.jpg 1066w, https:\/\/abconcretedesign.com\/wp-content\/uploads\/2021\/02\/tattoo-salon--510x383.jpg 510w, https:\/\/abconcretedesign.com\/wp-content\/uploads\/2021\/02\/tattoo-salon--533x400.jpg 533w, https:\/\/abconcretedesign.com\/wp-content\/uploads\/2021\/02\/tattoo-salon--768x576.jpg 768w, https:\/\/abconcretedesign.com\/wp-content\/uploads\/2021\/02\/tattoo-salon--600x450.jpg 600w, https:\/\/abconcretedesign.com\/wp-content\/uploads\/2021\/02\/tattoo-salon-.jpg 1920w\" sizes=\"auto, (max-width: 1020px) 100vw, 1020px\" \/>\t\t\t\t\t\t\n\t\t\t\t\t<\/div>\n\t\t\t\t\t\t\t\t\n<style>\n#image_398474667 {\n  width: 100%;\n}\n<\/style>\n\t<\/div>\n\t\n\t\t<\/div>\n\t\t\t\t\t<\/div>\n\n\t\n<\/div>\n\t<div id=\"gap-2127700843\" class=\"gap-element clearfix\" style=\"display:block; height:auto;\">\n\t\t\n<style>\n#gap-2127700843 {\n  padding-top: 30px;\n}\n<\/style>\n\t<\/div>\n\t\n<div class=\"row\"  id=\"row-25304583\">\n\n\t<div id=\"col-2120804874\" class=\"col medium-6 small-12 large-6\"  >\n\t\t\t\t<div class=\"col-inner\"  >\n\t\t\t\n\t\t\t\n\t<div class=\"img has-hover x md-x lg-x y md-y lg-y\" id=\"image_1786725419\">\n\t\t<a class=\"\" href=\"https:\/\/abconcretedesign.com\/shop\/concrete-home-decoration\/blub-concrete-tealight-holder-nr-02\/\" >\t\t\t\t\t\t<div class=\"img-inner dark\" >\n\t\t\t<img loading=\"lazy\" decoding=\"async\" width=\"1020\" height=\"765\" src=\"https:\/\/abconcretedesign.com\/wp-content\/uploads\/2021\/02\/dark-nebula-tattoo-budapest-1067x800.jpg\" class=\"attachment-large size-large\" alt=\"dark nebula tattoo budapest\" srcset=\"https:\/\/abconcretedesign.com\/wp-content\/uploads\/2021\/02\/dark-nebula-tattoo-budapest-1067x800.jpg 1067w, https:\/\/abconcretedesign.com\/wp-content\/uploads\/2021\/02\/dark-nebula-tattoo-budapest-510x383.jpg 510w, https:\/\/abconcretedesign.com\/wp-content\/uploads\/2021\/02\/dark-nebula-tattoo-budapest-533x400.jpg 533w, https:\/\/abconcretedesign.com\/wp-content\/uploads\/2021\/02\/dark-nebula-tattoo-budapest-768x576.jpg 768w, https:\/\/abconcretedesign.com\/wp-content\/uploads\/2021\/02\/dark-nebula-tattoo-budapest-600x450.jpg 600w, https:\/\/abconcretedesign.com\/wp-content\/uploads\/2021\/02\/dark-nebula-tattoo-budapest.jpg 1600w\" sizes=\"auto, (max-width: 1020px) 100vw, 1020px\" \/>\t\t\t\t\t\t\n\t\t\t\t\t<\/div>\n\t\t\t\t\t\t<\/a>\t\t\n<style>\n#image_1786725419 {\n  width: 100%;\n}\n<\/style>\n\t<\/div>\n\t\n\t\t<\/div>\n\t\t\t\t\t<\/div>\n\n\t\n\n\t<div id=\"col-1486391146\" class=\"col medium-6 small-12 large-6\"  >\n\t\t\t\t<div class=\"col-inner\"  >\n\t\t\t\n\t\t\t\n\t<div class=\"img has-hover x md-x lg-x y md-y lg-y\" id=\"image_2023002754\">\n\t\t<a class=\"\" href=\"https:\/\/abconcretedesign.com\/shop\/concrete-home-decoration\/cubo-small-picture-frame\/\" >\t\t\t\t\t\t<div class=\"img-inner dark\" >\n\t\t\t<img loading=\"lazy\" decoding=\"async\" width=\"1020\" height=\"765\" src=\"https:\/\/abconcretedesign.com\/wp-content\/uploads\/2021\/02\/flyer-holder-concrete-base-1067x800.jpg\" class=\"attachment-large size-large\" alt=\"flyer holder concrete base\" srcset=\"https:\/\/abconcretedesign.com\/wp-content\/uploads\/2021\/02\/flyer-holder-concrete-base-1067x800.jpg 1067w, https:\/\/abconcretedesign.com\/wp-content\/uploads\/2021\/02\/flyer-holder-concrete-base-510x383.jpg 510w, https:\/\/abconcretedesign.com\/wp-content\/uploads\/2021\/02\/flyer-holder-concrete-base-533x400.jpg 533w, https:\/\/abconcretedesign.com\/wp-content\/uploads\/2021\/02\/flyer-holder-concrete-base-768x576.jpg 768w, https:\/\/abconcretedesign.com\/wp-content\/uploads\/2021\/02\/flyer-holder-concrete-base-600x450.jpg 600w, https:\/\/abconcretedesign.com\/wp-content\/uploads\/2021\/02\/flyer-holder-concrete-base.jpg 1600w\" sizes=\"auto, (max-width: 1020px) 100vw, 1020px\" \/>\t\t\t\t\t\t\n\t\t\t\t\t<\/div>\n\t\t\t\t\t\t<\/a>\t\t\n<style>\n#image_2023002754 {\n  width: 100%;\n}\n<\/style>\n\t<\/div>\n\t\n\t\t<\/div>\n\t\t\t\t\t<\/div>\n\n\t\n<\/div>\n<div class=\"row\"  id=\"row-831867801\">\n\n\t<div id=\"col-1666298532\" class=\"col medium-6 small-12 large-6\"  >\n\t\t\t\t<div class=\"col-inner\"  >\n\t\t\t\n\t\t\t\n\t<div class=\"img has-hover x md-x lg-x y md-y lg-y\" id=\"image_228494659\">\n\t\t<a class=\"\" href=\"https:\/\/abconcretedesign.com\/shop\/concrete-home-decoration\/radius-candle-holder-duo\/\" >\t\t\t\t\t\t<div class=\"img-inner dark\" >\n\t\t\t<img loading=\"lazy\" decoding=\"async\" width=\"1020\" height=\"765\" src=\"https:\/\/abconcretedesign.com\/wp-content\/uploads\/2021\/02\/incense-tealight-holder-1067x800.jpg\" class=\"attachment-large size-large\" alt=\"incense tealight holder\" srcset=\"https:\/\/abconcretedesign.com\/wp-content\/uploads\/2021\/02\/incense-tealight-holder-1067x800.jpg 1067w, https:\/\/abconcretedesign.com\/wp-content\/uploads\/2021\/02\/incense-tealight-holder-510x383.jpg 510w, https:\/\/abconcretedesign.com\/wp-content\/uploads\/2021\/02\/incense-tealight-holder-533x400.jpg 533w, https:\/\/abconcretedesign.com\/wp-content\/uploads\/2021\/02\/incense-tealight-holder-768x576.jpg 768w, https:\/\/abconcretedesign.com\/wp-content\/uploads\/2021\/02\/incense-tealight-holder-600x450.jpg 600w, https:\/\/abconcretedesign.com\/wp-content\/uploads\/2021\/02\/incense-tealight-holder.jpg 1600w\" sizes=\"auto, (max-width: 1020px) 100vw, 1020px\" \/>\t\t\t\t\t\t\n\t\t\t\t\t<\/div>\n\t\t\t\t\t\t<\/a>\t\t\n<style>\n#image_228494659 {\n  width: 100%;\n}\n<\/style>\n\t<\/div>\n\t\n\t\t<\/div>\n\t\t\t\t\t<\/div>\n\n\t\n\n\t<div id=\"col-1587159305\" class=\"col medium-6 small-12 large-6\"  >\n\t\t\t\t<div class=\"col-inner\"  >\n\t\t\t\n\t\t\t\n\t<div class=\"img has-hover x md-x lg-x y md-y lg-y\" id=\"image_1269905817\">\n\t\t<a class=\"\" href=\"https:\/\/abconcretedesign.com\/shop\/concrete-home-decoration\/cubo-small-picture-frame\/\" >\t\t\t\t\t\t<div class=\"img-inner dark\" >\n\t\t\t<img loading=\"lazy\" decoding=\"async\" width=\"1020\" height=\"765\" src=\"https:\/\/abconcretedesign.com\/wp-content\/uploads\/2021\/02\/flyer-holders-made-of-concrete-1067x800.jpg\" class=\"attachment-large size-large\" alt=\"flyer holders made of concrete\" srcset=\"https:\/\/abconcretedesign.com\/wp-content\/uploads\/2021\/02\/flyer-holders-made-of-concrete-1067x800.jpg 1067w, https:\/\/abconcretedesign.com\/wp-content\/uploads\/2021\/02\/flyer-holders-made-of-concrete-510x383.jpg 510w, https:\/\/abconcretedesign.com\/wp-content\/uploads\/2021\/02\/flyer-holders-made-of-concrete-533x400.jpg 533w, https:\/\/abconcretedesign.com\/wp-content\/uploads\/2021\/02\/flyer-holders-made-of-concrete-768x576.jpg 768w, https:\/\/abconcretedesign.com\/wp-content\/uploads\/2021\/02\/flyer-holders-made-of-concrete-600x450.jpg 600w, https:\/\/abconcretedesign.com\/wp-content\/uploads\/2021\/02\/flyer-holders-made-of-concrete.jpg 1600w\" sizes=\"auto, (max-width: 1020px) 100vw, 1020px\" \/>\t\t\t\t\t\t\n\t\t\t\t\t<\/div>\n\t\t\t\t\t\t<\/a>\t\t\n<style>\n#image_1269905817 {\n  width: 100%;\n}\n<\/style>\n\t<\/div>\n\t\n\t\t<\/div>\n\t\t\t\t\t<\/div>\n\n\t\n<\/div>\n","protected":false},"excerpt":{"rendered":"<p>A BLUB \u00e9s CUBO term\u00e9k\u00fcnket is \u00fagy alkottuk meg, hogy b\u00e1rmilyen k\u00f6rnyezetben \u00e9rv\u00e9nyes\u00fclni tudjanak, \u00e9s j\u00f3l illeszkedjenek az adott hely hangulat\u00e1hoz, illetve azt a funkci\u00f3t t\u00f6lts\u00e9k be, amit a t\u00e9r \u00e9s a haszn\u00e1l\u00f3ja megk\u00edv\u00e1n. Ennek ok\u00e1n a BLUBlehet sokkal t\u00f6bb, mint m\u00e9csestart\u00f3: lehet jelz\u0151f\u00e9ny, ami mindig ott van az ablakban, hogy az arra j\u00e1r\u00f3k tudj\u00e1k, [&#8230;]\n","protected":false},"author":2,"featured_media":17688,"comment_status":"closed","ping_status":"open","sticky":false,"template":"","format":"standard","meta":{"footnotes":""},"categories":[1,150],"tags":[389],"class_list":["post-17789","post","type-post","status-publish","format-standard","has-post-thumbnail","hentry","category-custom-made-concrete-items","category-cegajandek-egyedi-logoval","tag-interju"],"yoast_head":"<!-- This site is optimized with the Yoast SEO Premium plugin v26.2 (Yoast SEO v27.4) - https:\/\/yoast.com\/product\/yoast-seo-premium-wordpress\/ -->\n<title>AB Concrete Design term\u00e9kek egy tetov\u00e1l\u00f3szalonban &#187; AB Concrete Design<\/title>\n<meta name=\"description\" content=\"Minden term\u00e9k\u00fcnket \u00fagy alkotjuk meg, hogy b\u00e1rmilyen k\u00f6rnyezetben \u00e9rv\u00e9nyes\u00fclni tudjanak, \u00e9s j\u00f3l illeszkedjenek az adott hely hangulat\u00e1hoz,\" \/>\n<meta name=\"robots\" content=\"index, follow, max-snippet:-1, max-image-preview:large, max-video-preview:-1\" \/>\n<link rel=\"canonical\" href=\"https:\/\/abconcretedesign.com\/hu\/ab-concrete-design-termekek-egy-tetovalo-szalonban\/\" \/>\n<meta property=\"og:locale\" content=\"hu_HU\" \/>\n<meta property=\"og:type\" content=\"article\" \/>\n<meta property=\"og:title\" content=\"AB Concrete Design term\u00e9kek egy tetov\u00e1l\u00f3szalonban\" \/>\n<meta property=\"og:description\" content=\"A BLUB \u00e9s CUBO term\u00e9k\u00fcnket is \u00fagy alkottuk meg, hogy b\u00e1rmilyen k\u00f6rnyezetben \u00e9rv\u00e9nyes\u00fclni tudjanak, \u00e9s j\u00f3l illeszkedjenek az adott hely hangulat\u00e1hoz,\" \/>\n<meta property=\"og:url\" content=\"https:\/\/abconcretedesign.com\/hu\/ab-concrete-design-termekek-egy-tetovalo-szalonban\/\" \/>\n<meta property=\"og:site_name\" content=\"AB Concrete Design\" \/>\n<meta property=\"article:published_time\" content=\"2021-02-15T15:22:08+00:00\" \/>\n<meta property=\"article:modified_time\" content=\"2021-03-07T11:35:27+00:00\" \/>\n<meta property=\"og:image\" content=\"https:\/\/abconcretedesign.com\/wp-content\/uploads\/2021\/02\/concrete-design-flyer-holder.jpg\" \/>\n\t<meta property=\"og:image:width\" content=\"1600\" \/>\n\t<meta property=\"og:image:height\" content=\"1200\" \/>\n\t<meta property=\"og:image:type\" content=\"image\/jpeg\" \/>\n<meta name=\"author\" content=\"AB Concrete Design\" \/>\n<meta name=\"twitter:card\" content=\"summary_large_image\" \/>\n<script type=\"application\/ld+json\" class=\"yoast-schema-graph\">{\"@context\":\"https:\\\/\\\/schema.org\",\"@graph\":[{\"@type\":\"Article\",\"@id\":\"https:\\\/\\\/abconcretedesign.com\\\/hu\\\/ab-concrete-design-termekek-egy-tetovalo-szalonban\\\/#article\",\"isPartOf\":{\"@id\":\"https:\\\/\\\/abconcretedesign.com\\\/hu\\\/ab-concrete-design-termekek-egy-tetovalo-szalonban\\\/\"},\"author\":{\"name\":\"AB Concrete Design\",\"@id\":\"https:\\\/\\\/abconcretedesign.com\\\/hu\\\/#\\\/schema\\\/person\\\/0a8b63622f7b0d0f5f8fee62a4ecc6b5\"},\"headline\":\"AB Concrete Design term\u00e9kek egy tetov\u00e1l\u00f3szalonban\",\"datePublished\":\"2021-02-15T15:22:08+00:00\",\"dateModified\":\"2021-03-07T11:35:27+00:00\",\"mainEntityOfPage\":{\"@id\":\"https:\\\/\\\/abconcretedesign.com\\\/hu\\\/ab-concrete-design-termekek-egy-tetovalo-szalonban\\\/\"},\"wordCount\":706,\"publisher\":{\"@id\":\"https:\\\/\\\/abconcretedesign.com\\\/hu\\\/#organization\"},\"image\":{\"@id\":\"https:\\\/\\\/abconcretedesign.com\\\/hu\\\/ab-concrete-design-termekek-egy-tetovalo-szalonban\\\/#primaryimage\"},\"thumbnailUrl\":\"https:\\\/\\\/abconcretedesign.com\\\/wp-content\\\/uploads\\\/2021\\\/02\\\/concrete-design-flyer-holder.jpg\",\"keywords\":[\"interj\u00fa\"],\"articleSection\":[\"custom made\",\"log\u00f3zott c\u00e9gaj\u00e1nd\u00e9kok\"],\"inLanguage\":\"hu\"},{\"@type\":\"WebPage\",\"@id\":\"https:\\\/\\\/abconcretedesign.com\\\/hu\\\/ab-concrete-design-termekek-egy-tetovalo-szalonban\\\/\",\"url\":\"https:\\\/\\\/abconcretedesign.com\\\/hu\\\/ab-concrete-design-termekek-egy-tetovalo-szalonban\\\/\",\"name\":\"AB Concrete Design term\u00e9kek egy tetov\u00e1l\u00f3szalonban &#187; AB Concrete Design\",\"isPartOf\":{\"@id\":\"https:\\\/\\\/abconcretedesign.com\\\/hu\\\/#website\"},\"primaryImageOfPage\":{\"@id\":\"https:\\\/\\\/abconcretedesign.com\\\/hu\\\/ab-concrete-design-termekek-egy-tetovalo-szalonban\\\/#primaryimage\"},\"image\":{\"@id\":\"https:\\\/\\\/abconcretedesign.com\\\/hu\\\/ab-concrete-design-termekek-egy-tetovalo-szalonban\\\/#primaryimage\"},\"thumbnailUrl\":\"https:\\\/\\\/abconcretedesign.com\\\/wp-content\\\/uploads\\\/2021\\\/02\\\/concrete-design-flyer-holder.jpg\",\"datePublished\":\"2021-02-15T15:22:08+00:00\",\"dateModified\":\"2021-03-07T11:35:27+00:00\",\"description\":\"Minden term\u00e9k\u00fcnket \u00fagy alkotjuk meg, hogy b\u00e1rmilyen k\u00f6rnyezetben \u00e9rv\u00e9nyes\u00fclni tudjanak, \u00e9s j\u00f3l illeszkedjenek az adott hely hangulat\u00e1hoz,\",\"breadcrumb\":{\"@id\":\"https:\\\/\\\/abconcretedesign.com\\\/hu\\\/ab-concrete-design-termekek-egy-tetovalo-szalonban\\\/#breadcrumb\"},\"inLanguage\":\"hu\",\"potentialAction\":[{\"@type\":\"ReadAction\",\"target\":[\"https:\\\/\\\/abconcretedesign.com\\\/hu\\\/ab-concrete-design-termekek-egy-tetovalo-szalonban\\\/\"]}]},{\"@type\":\"ImageObject\",\"inLanguage\":\"hu\",\"@id\":\"https:\\\/\\\/abconcretedesign.com\\\/hu\\\/ab-concrete-design-termekek-egy-tetovalo-szalonban\\\/#primaryimage\",\"url\":\"https:\\\/\\\/abconcretedesign.com\\\/wp-content\\\/uploads\\\/2021\\\/02\\\/concrete-design-flyer-holder.jpg\",\"contentUrl\":\"https:\\\/\\\/abconcretedesign.com\\\/wp-content\\\/uploads\\\/2021\\\/02\\\/concrete-design-flyer-holder.jpg\",\"width\":1600,\"height\":1200,\"caption\":\"beton design szorolap tarto\"},{\"@type\":\"BreadcrumbList\",\"@id\":\"https:\\\/\\\/abconcretedesign.com\\\/hu\\\/ab-concrete-design-termekek-egy-tetovalo-szalonban\\\/#breadcrumb\",\"itemListElement\":[{\"@type\":\"ListItem\",\"position\":1,\"name\":\"F\u0151oldal\",\"item\":\"https:\\\/\\\/abconcretedesign.com\\\/hu\\\/\"},{\"@type\":\"ListItem\",\"position\":2,\"name\":\"AB Concrete Design term\u00e9kek egy tetov\u00e1l\u00f3szalonban\"}]},{\"@type\":\"WebSite\",\"@id\":\"https:\\\/\\\/abconcretedesign.com\\\/hu\\\/#website\",\"url\":\"https:\\\/\\\/abconcretedesign.com\\\/hu\\\/\",\"name\":\"AB Concrete Design and Business Gifts\",\"description\":\"Beton Design T\u00e1rgyak, \u00c9kszer \u00e9s \u00dczleti Aj\u00e1nd\u00e9k, Beton Tr\u00f3fe\u00e1k\",\"publisher\":{\"@id\":\"https:\\\/\\\/abconcretedesign.com\\\/hu\\\/#organization\"},\"potentialAction\":[{\"@type\":\"SearchAction\",\"target\":{\"@type\":\"EntryPoint\",\"urlTemplate\":\"https:\\\/\\\/abconcretedesign.com\\\/hu\\\/?s={search_term_string}\"},\"query-input\":{\"@type\":\"PropertyValueSpecification\",\"valueRequired\":true,\"valueName\":\"search_term_string\"}}],\"inLanguage\":\"hu\"},{\"@type\":\"Organization\",\"@id\":\"https:\\\/\\\/abconcretedesign.com\\\/hu\\\/#organization\",\"name\":\"AB Concrete Design\",\"url\":\"https:\\\/\\\/abconcretedesign.com\\\/hu\\\/\",\"logo\":{\"@type\":\"ImageObject\",\"inLanguage\":\"hu\",\"@id\":\"https:\\\/\\\/abconcretedesign.com\\\/hu\\\/#\\\/schema\\\/logo\\\/image\\\/\",\"url\":\"https:\\\/\\\/abconcretedesign.com\\\/wp-content\\\/uploads\\\/2019\\\/04\\\/ab-concrete-design-logo.jpg\",\"contentUrl\":\"https:\\\/\\\/abconcretedesign.com\\\/wp-content\\\/uploads\\\/2019\\\/04\\\/ab-concrete-design-logo.jpg\",\"width\":351,\"height\":89,\"caption\":\"AB Concrete Design\"},\"image\":{\"@id\":\"https:\\\/\\\/abconcretedesign.com\\\/hu\\\/#\\\/schema\\\/logo\\\/image\\\/\"}},{\"@type\":\"Person\",\"@id\":\"https:\\\/\\\/abconcretedesign.com\\\/hu\\\/#\\\/schema\\\/person\\\/0a8b63622f7b0d0f5f8fee62a4ecc6b5\",\"name\":\"AB Concrete Design\",\"sameAs\":[\"https:\\\/\\\/abconcretedesign.com\"]}]}<\/script>\n<!-- \/ Yoast SEO Premium plugin. -->","yoast_head_json":{"title":"AB Concrete Design term\u00e9kek egy tetov\u00e1l\u00f3szalonban &#187; AB Concrete Design","description":"Minden term\u00e9k\u00fcnket \u00fagy alkotjuk meg, hogy b\u00e1rmilyen k\u00f6rnyezetben \u00e9rv\u00e9nyes\u00fclni tudjanak, \u00e9s j\u00f3l illeszkedjenek az adott hely hangulat\u00e1hoz,","robots":{"index":"index","follow":"follow","max-snippet":"max-snippet:-1","max-image-preview":"max-image-preview:large","max-video-preview":"max-video-preview:-1"},"canonical":"https:\/\/abconcretedesign.com\/hu\/ab-concrete-design-termekek-egy-tetovalo-szalonban\/","og_locale":"hu_HU","og_type":"article","og_title":"AB Concrete Design term\u00e9kek egy tetov\u00e1l\u00f3szalonban","og_description":"A BLUB \u00e9s CUBO term\u00e9k\u00fcnket is \u00fagy alkottuk meg, hogy b\u00e1rmilyen k\u00f6rnyezetben \u00e9rv\u00e9nyes\u00fclni tudjanak, \u00e9s j\u00f3l illeszkedjenek az adott hely hangulat\u00e1hoz,","og_url":"https:\/\/abconcretedesign.com\/hu\/ab-concrete-design-termekek-egy-tetovalo-szalonban\/","og_site_name":"AB Concrete Design","article_published_time":"2021-02-15T15:22:08+00:00","article_modified_time":"2021-03-07T11:35:27+00:00","og_image":[{"width":1600,"height":1200,"url":"https:\/\/abconcretedesign.com\/wp-content\/uploads\/2021\/02\/concrete-design-flyer-holder.jpg","type":"image\/jpeg"}],"author":"AB Concrete Design","twitter_card":"summary_large_image","schema":{"@context":"https:\/\/schema.org","@graph":[{"@type":"Article","@id":"https:\/\/abconcretedesign.com\/hu\/ab-concrete-design-termekek-egy-tetovalo-szalonban\/#article","isPartOf":{"@id":"https:\/\/abconcretedesign.com\/hu\/ab-concrete-design-termekek-egy-tetovalo-szalonban\/"},"author":{"name":"AB Concrete Design","@id":"https:\/\/abconcretedesign.com\/hu\/#\/schema\/person\/0a8b63622f7b0d0f5f8fee62a4ecc6b5"},"headline":"AB Concrete Design term\u00e9kek egy tetov\u00e1l\u00f3szalonban","datePublished":"2021-02-15T15:22:08+00:00","dateModified":"2021-03-07T11:35:27+00:00","mainEntityOfPage":{"@id":"https:\/\/abconcretedesign.com\/hu\/ab-concrete-design-termekek-egy-tetovalo-szalonban\/"},"wordCount":706,"publisher":{"@id":"https:\/\/abconcretedesign.com\/hu\/#organization"},"image":{"@id":"https:\/\/abconcretedesign.com\/hu\/ab-concrete-design-termekek-egy-tetovalo-szalonban\/#primaryimage"},"thumbnailUrl":"https:\/\/abconcretedesign.com\/wp-content\/uploads\/2021\/02\/concrete-design-flyer-holder.jpg","keywords":["interj\u00fa"],"articleSection":["custom made","log\u00f3zott c\u00e9gaj\u00e1nd\u00e9kok"],"inLanguage":"hu"},{"@type":"WebPage","@id":"https:\/\/abconcretedesign.com\/hu\/ab-concrete-design-termekek-egy-tetovalo-szalonban\/","url":"https:\/\/abconcretedesign.com\/hu\/ab-concrete-design-termekek-egy-tetovalo-szalonban\/","name":"AB Concrete Design term\u00e9kek egy tetov\u00e1l\u00f3szalonban &#187; AB Concrete Design","isPartOf":{"@id":"https:\/\/abconcretedesign.com\/hu\/#website"},"primaryImageOfPage":{"@id":"https:\/\/abconcretedesign.com\/hu\/ab-concrete-design-termekek-egy-tetovalo-szalonban\/#primaryimage"},"image":{"@id":"https:\/\/abconcretedesign.com\/hu\/ab-concrete-design-termekek-egy-tetovalo-szalonban\/#primaryimage"},"thumbnailUrl":"https:\/\/abconcretedesign.com\/wp-content\/uploads\/2021\/02\/concrete-design-flyer-holder.jpg","datePublished":"2021-02-15T15:22:08+00:00","dateModified":"2021-03-07T11:35:27+00:00","description":"Minden term\u00e9k\u00fcnket \u00fagy alkotjuk meg, hogy b\u00e1rmilyen k\u00f6rnyezetben \u00e9rv\u00e9nyes\u00fclni tudjanak, \u00e9s j\u00f3l illeszkedjenek az adott hely hangulat\u00e1hoz,","breadcrumb":{"@id":"https:\/\/abconcretedesign.com\/hu\/ab-concrete-design-termekek-egy-tetovalo-szalonban\/#breadcrumb"},"inLanguage":"hu","potentialAction":[{"@type":"ReadAction","target":["https:\/\/abconcretedesign.com\/hu\/ab-concrete-design-termekek-egy-tetovalo-szalonban\/"]}]},{"@type":"ImageObject","inLanguage":"hu","@id":"https:\/\/abconcretedesign.com\/hu\/ab-concrete-design-termekek-egy-tetovalo-szalonban\/#primaryimage","url":"https:\/\/abconcretedesign.com\/wp-content\/uploads\/2021\/02\/concrete-design-flyer-holder.jpg","contentUrl":"https:\/\/abconcretedesign.com\/wp-content\/uploads\/2021\/02\/concrete-design-flyer-holder.jpg","width":1600,"height":1200,"caption":"beton design szorolap tarto"},{"@type":"BreadcrumbList","@id":"https:\/\/abconcretedesign.com\/hu\/ab-concrete-design-termekek-egy-tetovalo-szalonban\/#breadcrumb","itemListElement":[{"@type":"ListItem","position":1,"name":"F\u0151oldal","item":"https:\/\/abconcretedesign.com\/hu\/"},{"@type":"ListItem","position":2,"name":"AB Concrete Design term\u00e9kek egy tetov\u00e1l\u00f3szalonban"}]},{"@type":"WebSite","@id":"https:\/\/abconcretedesign.com\/hu\/#website","url":"https:\/\/abconcretedesign.com\/hu\/","name":"AB Concrete Design and Business Gifts","description":"Beton Design T\u00e1rgyak, \u00c9kszer \u00e9s \u00dczleti Aj\u00e1nd\u00e9k, Beton Tr\u00f3fe\u00e1k","publisher":{"@id":"https:\/\/abconcretedesign.com\/hu\/#organization"},"potentialAction":[{"@type":"SearchAction","target":{"@type":"EntryPoint","urlTemplate":"https:\/\/abconcretedesign.com\/hu\/?s={search_term_string}"},"query-input":{"@type":"PropertyValueSpecification","valueRequired":true,"valueName":"search_term_string"}}],"inLanguage":"hu"},{"@type":"Organization","@id":"https:\/\/abconcretedesign.com\/hu\/#organization","name":"AB Concrete Design","url":"https:\/\/abconcretedesign.com\/hu\/","logo":{"@type":"ImageObject","inLanguage":"hu","@id":"https:\/\/abconcretedesign.com\/hu\/#\/schema\/logo\/image\/","url":"https:\/\/abconcretedesign.com\/wp-content\/uploads\/2019\/04\/ab-concrete-design-logo.jpg","contentUrl":"https:\/\/abconcretedesign.com\/wp-content\/uploads\/2019\/04\/ab-concrete-design-logo.jpg","width":351,"height":89,"caption":"AB Concrete Design"},"image":{"@id":"https:\/\/abconcretedesign.com\/hu\/#\/schema\/logo\/image\/"}},{"@type":"Person","@id":"https:\/\/abconcretedesign.com\/hu\/#\/schema\/person\/0a8b63622f7b0d0f5f8fee62a4ecc6b5","name":"AB Concrete Design","sameAs":["https:\/\/abconcretedesign.com"]}]}},"_links":{"self":[{"href":"https:\/\/abconcretedesign.com\/hu\/wp-json\/wp\/v2\/posts\/17789","targetHints":{"allow":["GET"]}}],"collection":[{"href":"https:\/\/abconcretedesign.com\/hu\/wp-json\/wp\/v2\/posts"}],"about":[{"href":"https:\/\/abconcretedesign.com\/hu\/wp-json\/wp\/v2\/types\/post"}],"author":[{"embeddable":true,"href":"https:\/\/abconcretedesign.com\/hu\/wp-json\/wp\/v2\/users\/2"}],"replies":[{"embeddable":true,"href":"https:\/\/abconcretedesign.com\/hu\/wp-json\/wp\/v2\/comments?post=17789"}],"version-history":[{"count":28,"href":"https:\/\/abconcretedesign.com\/hu\/wp-json\/wp\/v2\/posts\/17789\/revisions"}],"predecessor-version":[{"id":18040,"href":"https:\/\/abconcretedesign.com\/hu\/wp-json\/wp\/v2\/posts\/17789\/revisions\/18040"}],"wp:featuredmedia":[{"embeddable":true,"href":"https:\/\/abconcretedesign.com\/hu\/wp-json\/wp\/v2\/media\/17688"}],"wp:attachment":[{"href":"https:\/\/abconcretedesign.com\/hu\/wp-json\/wp\/v2\/media?parent=17789"}],"wp:term":[{"taxonomy":"category","embeddable":true,"href":"https:\/\/abconcretedesign.com\/hu\/wp-json\/wp\/v2\/categories?post=17789"},{"taxonomy":"post_tag","embeddable":true,"href":"https:\/\/abconcretedesign.com\/hu\/wp-json\/wp\/v2\/tags?post=17789"}],"curies":[{"name":"wp","href":"https:\/\/api.w.org\/{rel}","templated":true}]}}